{"id":6359,"date":"2025-02-12T10:11:29","date_gmt":"2025-02-12T10:11:29","guid":{"rendered":"https:\/\/vrpelectric.com\/?p=6359"},"modified":"2025-02-12T10:11:30","modified_gmt":"2025-02-12T10:11:30","slug":"vrp-electric-soci-cambra-valencia","status":"publish","type":"post","link":"https:\/\/vrpelectric.com\/ca\/vrp-electric-soci-cambra-valencia\/","title":{"rendered":"VRP ELECTRIC NOU SOCI DE CAMBRA VAL\u00c8NCIA"},"content":{"rendered":"\n<p>Des de <strong>VRP Electric<\/strong> ens complau anunciar la nostra recent incorporaci\u00f3 a <strong><a href=\"https:\/\/www.camaravalencia.com\/va\/\">Cambra Val\u00e8ncia<\/a><\/strong> com a nous socis. Esta alian\u00e7a ens brinda noves oportunitats en col\u00b7laboraci\u00f3, innovaci\u00f3 i creixement i ens alineem encara m\u00e9s amb els interessos i objectius de la nostra empresa.<\/p>\n\n\n\n<p><strong>Qu\u00e8 \u00e9s Cambra Val\u00e8ncia?<\/strong><br>Cambra Val\u00e8ncia \u00e9s una corporaci\u00f3 de dret p\u00fablic que treballa en estreta col\u00b7laboraci\u00f3 amb les Administracions P\u00fabliques. El seu comprom\u00eds se centra en representar, promoure i defendre els interessos de les empreses, especialment de les pimes.<\/p>\n\n\n\n<p>Oferixen una \u00e0mplia gamma de servicis, que inclouen:<\/p>\n\n\n\n<p>Creaci\u00f3 d&#8217;empreses<br>Internacionalitzaci\u00f3<br>Formaci\u00f3<br>Ocupaci\u00f3<br>Mediaci\u00f3<br>Cambra Val\u00e8ncia exercix un paper clau en la competitivitat i el desenrotllament del teixit empresarial valenci\u00e0.<\/p>\n\n\n\n<p>Este nou pas refor\u00e7a el nostre comprom\u00eds amb la millora cont\u00ednua. Tamb\u00e9 ens impulsa cap a la innovaci\u00f3 i la busca de noves oportunitats de creixement. Estem segurs que esta col\u00b7laboraci\u00f3 ens permetr\u00e0 accedir a recursos valuosos. A m\u00e9s, podrem participar en iniciatives que impulsen el desenrotllament econ\u00f2mic i empresarial de la nostra regi\u00f3.<\/p>\n\n\n\n<p>Agra\u00efm a Cambra Val\u00e8ncia la benvinguda i l&#8217;oportunitat de formar part d&#8217;esta prestigiosa corporaci\u00f3. Estem conven\u00e7uts que, junts, podrem avan\u00e7ar en la nostra missi\u00f3 d&#8217;oferir <strong>solucions energ\u00e8tiques eficients i sostenibles<\/strong>. Aix\u00f2 s\u00ed, mantenint sempre els nostres alts est\u00e0ndards de qualitat i comprom\u00eds.<\/p>\n\n\n\n<p>Des de VRP Electric, continuem treballant per un futur m\u00e9s innovador, competitiu i connectat. Estem al servici dels nostres clients i prove\u00efdors.<\/p>\n\n\n\n<p>En la imatge, <strong>Vicent Ribera, director gerent de VRP Electric, i Teresa Colomar, directora de Qualitat i Sostenibilitat de VRP Electric<\/strong>.<\/p>\n","protected":false},"excerpt":{"rendered":"<p>La alian\u00e7a amb Cambra Val\u00e8ncia ens brinda noves oportunitats de col\u00b7laboraci\u00f3, innovaci\u00f3 i creixement i ens alinea amb els objectius de la nostra empresa. <\/p>\n","protected":false},"author":1,"featured_media":6351,"comment_status":"open","ping_status":"open","sticky":false,"template":"","format":"standard","meta":{"footnotes":""},"categories":[354],"tags":[544,364],"class_list":["post-6359","post","type-post","status-publish","format-standard","has-post-thumbnail","hentry","category-noticies","tag-cambra-valencia","tag-solucions-energetiques"],"yoast_head":"<!-- This site is optimized with the Yoast SEO plugin v27.4 - https:\/\/yoast.com\/product\/yoast-seo-wordpress\/ -->\n<title>VRP ELECTRIC NOU SOCI DE CAMBRA VAL\u00c8NCIA - VRP Electric<\/title>\n<meta name=\"description\" content=\"La alian\u00e7a amb Cambra Val\u00e8ncia ens brinda noves oportunitats de col\u00b7laboraci\u00f3, innovaci\u00f3 i creixement i ens alinea amb els objectius de la nostra empresa.\" \/>\n<meta name=\"robots\" content=\"index, follow, max-snippet:-1, max-image-preview:large, max-video-preview:-1\" \/>\n<link rel=\"canonical\" href=\"https:\/\/vrpelectric.com\/ca\/vrp-electric-soci-cambra-valencia\/\" \/>\n<meta property=\"og:locale\" content=\"ca_ES\" \/>\n<meta property=\"og:type\" content=\"article\" \/>\n<meta property=\"og:title\" content=\"VRP ELECTRIC NOU SOCI DE CAMBRA VAL\u00c8NCIA - VRP Electric\" \/>\n<meta property=\"og:description\" content=\"La alian\u00e7a amb Cambra Val\u00e8ncia ens brinda noves oportunitats de col\u00b7laboraci\u00f3, innovaci\u00f3 i creixement i ens alinea amb els objectius de la nostra empresa.\" \/>\n<meta property=\"og:url\" content=\"https:\/\/vrpelectric.com\/ca\/vrp-electric-soci-cambra-valencia\/\" \/>\n<meta property=\"og:site_name\" content=\"VRP Electric\" \/>\n<meta property=\"article:published_time\" content=\"2025-02-12T10:11:29+00:00\" \/>\n<meta property=\"article:modified_time\" content=\"2025-02-12T10:11:30+00:00\" \/>\n<meta property=\"og:image\" content=\"https:\/\/vrpelectric.com\/wp-content\/uploads\/2025\/02\/IMG_3765.jpg\" \/>\n\t<meta property=\"og:image:width\" content=\"828\" \/>\n\t<meta property=\"og:image:height\" content=\"640\" \/>\n\t<meta property=\"og:image:type\" content=\"image\/jpeg\" \/>\n<meta name=\"author\" content=\"admin\" \/>\n<meta name=\"twitter:card\" content=\"summary_large_image\" \/>\n<meta name=\"twitter:label1\" content=\"Escrit per\" \/>\n\t<meta name=\"twitter:data1\" content=\"admin\" \/>\n\t<meta name=\"twitter:label2\" content=\"Temps estimat de lectura\" \/>\n\t<meta name=\"twitter:data2\" content=\"1 minut\" \/>\n<script type=\"application\/ld+json\" class=\"yoast-schema-graph\">{\"@context\":\"https:\\\/\\\/schema.org\",\"@graph\":[{\"@type\":\"Article\",\"@id\":\"https:\\\/\\\/vrpelectric.com\\\/ca\\\/vrp-electric-soci-cambra-valencia\\\/#article\",\"isPartOf\":{\"@id\":\"https:\\\/\\\/vrpelectric.com\\\/ca\\\/vrp-electric-soci-cambra-valencia\\\/\"},\"author\":{\"name\":\"admin\",\"@id\":\"https:\\\/\\\/vrpelectric.com\\\/ca\\\/#\\\/schema\\\/person\\\/6e6a77a745512000574dc1698ff2fb51\"},\"headline\":\"VRP ELECTRIC NOU SOCI DE CAMBRA VAL\u00c8NCIA\",\"datePublished\":\"2025-02-12T10:11:29+00:00\",\"dateModified\":\"2025-02-12T10:11:30+00:00\",\"mainEntityOfPage\":{\"@id\":\"https:\\\/\\\/vrpelectric.com\\\/ca\\\/vrp-electric-soci-cambra-valencia\\\/\"},\"wordCount\":289,\"commentCount\":0,\"image\":{\"@id\":\"https:\\\/\\\/vrpelectric.com\\\/ca\\\/vrp-electric-soci-cambra-valencia\\\/#primaryimage\"},\"thumbnailUrl\":\"https:\\\/\\\/vrpelectric.com\\\/wp-content\\\/uploads\\\/2025\\\/02\\\/IMG_3765.jpg\",\"keywords\":[\"cambra val\u00e8ncia\",\"solucions energ\u00e8tiques\"],\"articleSection\":[\"Not\u00edcies\"],\"inLanguage\":\"ca\"},{\"@type\":\"WebPage\",\"@id\":\"https:\\\/\\\/vrpelectric.com\\\/ca\\\/vrp-electric-soci-cambra-valencia\\\/\",\"url\":\"https:\\\/\\\/vrpelectric.com\\\/ca\\\/vrp-electric-soci-cambra-valencia\\\/\",\"name\":\"VRP ELECTRIC NOU SOCI DE CAMBRA VAL\u00c8NCIA - VRP Electric\",\"isPartOf\":{\"@id\":\"https:\\\/\\\/vrpelectric.com\\\/ca\\\/#website\"},\"primaryImageOfPage\":{\"@id\":\"https:\\\/\\\/vrpelectric.com\\\/ca\\\/vrp-electric-soci-cambra-valencia\\\/#primaryimage\"},\"image\":{\"@id\":\"https:\\\/\\\/vrpelectric.com\\\/ca\\\/vrp-electric-soci-cambra-valencia\\\/#primaryimage\"},\"thumbnailUrl\":\"https:\\\/\\\/vrpelectric.com\\\/wp-content\\\/uploads\\\/2025\\\/02\\\/IMG_3765.jpg\",\"datePublished\":\"2025-02-12T10:11:29+00:00\",\"dateModified\":\"2025-02-12T10:11:30+00:00\",\"author\":{\"@id\":\"https:\\\/\\\/vrpelectric.com\\\/ca\\\/#\\\/schema\\\/person\\\/6e6a77a745512000574dc1698ff2fb51\"},\"description\":\"La alian\u00e7a amb Cambra Val\u00e8ncia ens brinda noves oportunitats de col\u00b7laboraci\u00f3, innovaci\u00f3 i creixement i ens alinea amb els objectius de la nostra empresa.\",\"breadcrumb\":{\"@id\":\"https:\\\/\\\/vrpelectric.com\\\/ca\\\/vrp-electric-soci-cambra-valencia\\\/#breadcrumb\"},\"inLanguage\":\"ca\",\"potentialAction\":[{\"@type\":\"ReadAction\",\"target\":[\"https:\\\/\\\/vrpelectric.com\\\/ca\\\/vrp-electric-soci-cambra-valencia\\\/\"]}]},{\"@type\":\"ImageObject\",\"inLanguage\":\"ca\",\"@id\":\"https:\\\/\\\/vrpelectric.com\\\/ca\\\/vrp-electric-soci-cambra-valencia\\\/#primaryimage\",\"url\":\"https:\\\/\\\/vrpelectric.com\\\/wp-content\\\/uploads\\\/2025\\\/02\\\/IMG_3765.jpg\",\"contentUrl\":\"https:\\\/\\\/vrpelectric.com\\\/wp-content\\\/uploads\\\/2025\\\/02\\\/IMG_3765.jpg\",\"width\":828,\"height\":640,\"caption\":\"Vicent Ribera, director gerente, y Teresa Colomar, directora de Calidad y Sostenibilidad de VRP Electric.\"},{\"@type\":\"BreadcrumbList\",\"@id\":\"https:\\\/\\\/vrpelectric.com\\\/ca\\\/vrp-electric-soci-cambra-valencia\\\/#breadcrumb\",\"itemListElement\":[{\"@type\":\"ListItem\",\"position\":1,\"name\":\"Portada\",\"item\":\"https:\\\/\\\/vrpelectric.com\\\/ca\\\/\"},{\"@type\":\"ListItem\",\"position\":2,\"name\":\"VRP ELECTRIC NOU SOCI DE CAMBRA VAL\u00c8NCIA\"}]},{\"@type\":\"WebSite\",\"@id\":\"https:\\\/\\\/vrpelectric.com\\\/ca\\\/#website\",\"url\":\"https:\\\/\\\/vrpelectric.com\\\/ca\\\/\",\"name\":\"VRP Electric\",\"description\":\"Tecnolog\u00eda El\u00e9ctrica\",\"potentialAction\":[{\"@type\":\"SearchAction\",\"target\":{\"@type\":\"EntryPoint\",\"urlTemplate\":\"https:\\\/\\\/vrpelectric.com\\\/ca\\\/?s={search_term_string}\"},\"query-input\":{\"@type\":\"PropertyValueSpecification\",\"valueRequired\":true,\"valueName\":\"search_term_string\"}}],\"inLanguage\":\"ca\"},{\"@type\":\"Person\",\"@id\":\"https:\\\/\\\/vrpelectric.com\\\/ca\\\/#\\\/schema\\\/person\\\/6e6a77a745512000574dc1698ff2fb51\",\"name\":\"admin\",\"image\":{\"@type\":\"ImageObject\",\"inLanguage\":\"ca\",\"@id\":\"https:\\\/\\\/secure.gravatar.com\\\/avatar\\\/fa01e1c104d302dfc4a054191c7e09a2186a1961a8d183e53696b0cbf664931a?s=96&d=mm&r=g\",\"url\":\"https:\\\/\\\/secure.gravatar.com\\\/avatar\\\/fa01e1c104d302dfc4a054191c7e09a2186a1961a8d183e53696b0cbf664931a?s=96&d=mm&r=g\",\"contentUrl\":\"https:\\\/\\\/secure.gravatar.com\\\/avatar\\\/fa01e1c104d302dfc4a054191c7e09a2186a1961a8d183e53696b0cbf664931a?s=96&d=mm&r=g\",\"caption\":\"admin\"},\"sameAs\":[\"http:\\\/\\\/vrpelectric.com:8008\"],\"url\":\"https:\\\/\\\/vrpelectric.com\\\/ca\\\/author\\\/admin\\\/\"}]}<\/script>\n<!-- \/ Yoast SEO plugin. -->","yoast_head_json":{"title":"VRP ELECTRIC NOU SOCI DE CAMBRA VAL\u00c8NCIA - VRP Electric","description":"La alian\u00e7a amb Cambra Val\u00e8ncia ens brinda noves oportunitats de col\u00b7laboraci\u00f3, innovaci\u00f3 i creixement i ens alinea amb els objectius de la nostra empresa.","robots":{"index":"index","follow":"follow","max-snippet":"max-snippet:-1","max-image-preview":"max-image-preview:large","max-video-preview":"max-video-preview:-1"},"canonical":"https:\/\/vrpelectric.com\/ca\/vrp-electric-soci-cambra-valencia\/","og_locale":"ca_ES","og_type":"article","og_title":"VRP ELECTRIC NOU SOCI DE CAMBRA VAL\u00c8NCIA - VRP Electric","og_description":"La alian\u00e7a amb Cambra Val\u00e8ncia ens brinda noves oportunitats de col\u00b7laboraci\u00f3, innovaci\u00f3 i creixement i ens alinea amb els objectius de la nostra empresa.","og_url":"https:\/\/vrpelectric.com\/ca\/vrp-electric-soci-cambra-valencia\/","og_site_name":"VRP Electric","article_published_time":"2025-02-12T10:11:29+00:00","article_modified_time":"2025-02-12T10:11:30+00:00","og_image":[{"width":828,"height":640,"url":"https:\/\/vrpelectric.com\/wp-content\/uploads\/2025\/02\/IMG_3765.jpg","type":"image\/jpeg"}],"author":"admin","twitter_card":"summary_large_image","twitter_misc":{"Escrit per":"admin","Temps estimat de lectura":"1 minut"},"schema":{"@context":"https:\/\/schema.org","@graph":[{"@type":"Article","@id":"https:\/\/vrpelectric.com\/ca\/vrp-electric-soci-cambra-valencia\/#article","isPartOf":{"@id":"https:\/\/vrpelectric.com\/ca\/vrp-electric-soci-cambra-valencia\/"},"author":{"name":"admin","@id":"https:\/\/vrpelectric.com\/ca\/#\/schema\/person\/6e6a77a745512000574dc1698ff2fb51"},"headline":"VRP ELECTRIC NOU SOCI DE CAMBRA VAL\u00c8NCIA","datePublished":"2025-02-12T10:11:29+00:00","dateModified":"2025-02-12T10:11:30+00:00","mainEntityOfPage":{"@id":"https:\/\/vrpelectric.com\/ca\/vrp-electric-soci-cambra-valencia\/"},"wordCount":289,"commentCount":0,"image":{"@id":"https:\/\/vrpelectric.com\/ca\/vrp-electric-soci-cambra-valencia\/#primaryimage"},"thumbnailUrl":"https:\/\/vrpelectric.com\/wp-content\/uploads\/2025\/02\/IMG_3765.jpg","keywords":["cambra val\u00e8ncia","solucions energ\u00e8tiques"],"articleSection":["Not\u00edcies"],"inLanguage":"ca"},{"@type":"WebPage","@id":"https:\/\/vrpelectric.com\/ca\/vrp-electric-soci-cambra-valencia\/","url":"https:\/\/vrpelectric.com\/ca\/vrp-electric-soci-cambra-valencia\/","name":"VRP ELECTRIC NOU SOCI DE CAMBRA VAL\u00c8NCIA - VRP Electric","isPartOf":{"@id":"https:\/\/vrpelectric.com\/ca\/#website"},"primaryImageOfPage":{"@id":"https:\/\/vrpelectric.com\/ca\/vrp-electric-soci-cambra-valencia\/#primaryimage"},"image":{"@id":"https:\/\/vrpelectric.com\/ca\/vrp-electric-soci-cambra-valencia\/#primaryimage"},"thumbnailUrl":"https:\/\/vrpelectric.com\/wp-content\/uploads\/2025\/02\/IMG_3765.jpg","datePublished":"2025-02-12T10:11:29+00:00","dateModified":"2025-02-12T10:11:30+00:00","author":{"@id":"https:\/\/vrpelectric.com\/ca\/#\/schema\/person\/6e6a77a745512000574dc1698ff2fb51"},"description":"La alian\u00e7a amb Cambra Val\u00e8ncia ens brinda noves oportunitats de col\u00b7laboraci\u00f3, innovaci\u00f3 i creixement i ens alinea amb els objectius de la nostra empresa.","breadcrumb":{"@id":"https:\/\/vrpelectric.com\/ca\/vrp-electric-soci-cambra-valencia\/#breadcrumb"},"inLanguage":"ca","potentialAction":[{"@type":"ReadAction","target":["https:\/\/vrpelectric.com\/ca\/vrp-electric-soci-cambra-valencia\/"]}]},{"@type":"ImageObject","inLanguage":"ca","@id":"https:\/\/vrpelectric.com\/ca\/vrp-electric-soci-cambra-valencia\/#primaryimage","url":"https:\/\/vrpelectric.com\/wp-content\/uploads\/2025\/02\/IMG_3765.jpg","contentUrl":"https:\/\/vrpelectric.com\/wp-content\/uploads\/2025\/02\/IMG_3765.jpg","width":828,"height":640,"caption":"Vicent Ribera, director gerente, y Teresa Colomar, directora de Calidad y Sostenibilidad de VRP Electric."},{"@type":"BreadcrumbList","@id":"https:\/\/vrpelectric.com\/ca\/vrp-electric-soci-cambra-valencia\/#breadcrumb","itemListElement":[{"@type":"ListItem","position":1,"name":"Portada","item":"https:\/\/vrpelectric.com\/ca\/"},{"@type":"ListItem","position":2,"name":"VRP ELECTRIC NOU SOCI DE CAMBRA VAL\u00c8NCIA"}]},{"@type":"WebSite","@id":"https:\/\/vrpelectric.com\/ca\/#website","url":"https:\/\/vrpelectric.com\/ca\/","name":"VRP Electric","description":"Tecnolog\u00eda El\u00e9ctrica","potentialAction":[{"@type":"SearchAction","target":{"@type":"EntryPoint","urlTemplate":"https:\/\/vrpelectric.com\/ca\/?s={search_term_string}"},"query-input":{"@type":"PropertyValueSpecification","valueRequired":true,"valueName":"search_term_string"}}],"inLanguage":"ca"},{"@type":"Person","@id":"https:\/\/vrpelectric.com\/ca\/#\/schema\/person\/6e6a77a745512000574dc1698ff2fb51","name":"admin","image":{"@type":"ImageObject","inLanguage":"ca","@id":"https:\/\/secure.gravatar.com\/avatar\/fa01e1c104d302dfc4a054191c7e09a2186a1961a8d183e53696b0cbf664931a?s=96&d=mm&r=g","url":"https:\/\/secure.gravatar.com\/avatar\/fa01e1c104d302dfc4a054191c7e09a2186a1961a8d183e53696b0cbf664931a?s=96&d=mm&r=g","contentUrl":"https:\/\/secure.gravatar.com\/avatar\/fa01e1c104d302dfc4a054191c7e09a2186a1961a8d183e53696b0cbf664931a?s=96&d=mm&r=g","caption":"admin"},"sameAs":["http:\/\/vrpelectric.com:8008"],"url":"https:\/\/vrpelectric.com\/ca\/author\/admin\/"}]}},"_links":{"self":[{"href":"https:\/\/vrpelectric.com\/ca\/wp-json\/wp\/v2\/posts\/6359","targetHints":{"allow":["GET"]}}],"collection":[{"href":"https:\/\/vrpelectric.com\/ca\/wp-json\/wp\/v2\/posts"}],"about":[{"href":"https:\/\/vrpelectric.com\/ca\/wp-json\/wp\/v2\/types\/post"}],"author":[{"embeddable":true,"href":"https:\/\/vrpelectric.com\/ca\/wp-json\/wp\/v2\/users\/1"}],"replies":[{"embeddable":true,"href":"https:\/\/vrpelectric.com\/ca\/wp-json\/wp\/v2\/comments?post=6359"}],"version-history":[{"count":1,"href":"https:\/\/vrpelectric.com\/ca\/wp-json\/wp\/v2\/posts\/6359\/revisions"}],"predecessor-version":[{"id":6360,"href":"https:\/\/vrpelectric.com\/ca\/wp-json\/wp\/v2\/posts\/6359\/revisions\/6360"}],"wp:featuredmedia":[{"embeddable":true,"href":"https:\/\/vrpelectric.com\/ca\/wp-json\/wp\/v2\/media\/6351"}],"wp:attachment":[{"href":"https:\/\/vrpelectric.com\/ca\/wp-json\/wp\/v2\/media?parent=6359"}],"wp:term":[{"taxonomy":"category","embeddable":true,"href":"https:\/\/vrpelectric.com\/ca\/wp-json\/wp\/v2\/categories?post=6359"},{"taxonomy":"post_tag","embeddable":true,"href":"https:\/\/vrpelectric.com\/ca\/wp-json\/wp\/v2\/tags?post=6359"}],"curies":[{"name":"wp","href":"https:\/\/api.w.org\/{rel}","templated":true}]}}