{"id":6240,"date":"2024-09-18T09:49:57","date_gmt":"2024-09-18T09:49:57","guid":{"rendered":"https:\/\/vrpelectric.com\/?p=6240"},"modified":"2024-09-18T09:50:00","modified_gmt":"2024-09-18T09:50:00","slug":"setmana-europea-de-la-mobilitat-sostenible","status":"publish","type":"post","link":"https:\/\/vrpelectric.com\/ca\/setmana-europea-de-la-mobilitat-sostenible\/","title":{"rendered":"SETMANA EUROPEA DE LA MOBILITAT SOSTENIBLE"},"content":{"rendered":"\n<p>En VRP Electric, en col\u00b7laboraci\u00f3 amb Iberdrola, estem molt conscienciats amb tot el que implica la celebraci\u00f3 de la <strong><a href=\"https:\/\/www.miteco.gob.es\/es\/calidad-y-evaluacion-ambiental\/temas\/movilidad\/sem_20231.html\">Setmana Europea de la Mobilitat Sostenible<\/a><\/strong>. El nostre objectiu \u00e9s facilitar la transici\u00f3 cap als vehicles el\u00e8ctrics (VE) mitjan\u00e7ant la instal\u00b7laci\u00f3 de punts de rec\u00e0rrega clau en m\u00e0.<\/p>\n\n\n\n<p><strong>Per qu\u00e8 instal\u00b7lar un punt de rec\u00e0rrega?<\/strong> <\/p>\n\n\n\n<p>La Setmana Europea de la Mobilitat Sostenible ens recorda la import\u00e0ncia de reduir emissions. Una forma clau de fer-ho \u00e9s a trav\u00e9s de l&#8217;\u00fas de vehicles el\u00e8ctrics. No obstant aix\u00f2, perqu\u00e8 aquesta transici\u00f3 siga efectiva, \u00e9s crucial comptar amb una xarxa de punts de rec\u00e0rrega accessibles i eficients.<\/p>\n\n\n\n<p>En VRP Electric, oferim un servei integral <a href=\"https:\/\/vrpelectric.com\/ca\/punt-de-recarrega-de-cotxes-electrics\/\">d&#8217;instal\u00b7laci\u00f3 de punts de rec\u00e0rrega<\/a>. Ens ocupem de tot el proc\u00e9s: estudi t\u00e8cnic, permisos, instal\u00b7laci\u00f3 i manteniment. Aix\u00ed garantim que cada client, ja siga particular o empresa, tinga una experi\u00e8ncia sense complicacions.<\/p>\n\n\n\n<p><strong>Avantatges dels punts de rec\u00e0rrega el\u00e8ctrics<\/strong> <\/p>\n\n\n\n<p>Els vehicles el\u00e8ctrics s\u00f3n el futur de la mobilitat. Algunes de les seues principals avantatges inclouen:<\/p>\n\n\n\n<ul class=\"wp-block-list\">\n<li>Reducci\u00f3 d\u2019emissions de CO\u2082<\/li>\n\n\n\n<li>Estalvi energ\u00e8tic en comparaci\u00f3 amb els vehicles de combusti\u00f3<\/li>\n\n\n\n<li>Menor impacte ambiental i major efici\u00e8ncia<\/li>\n<\/ul>\n\n\n\n<p>Gr\u00e0cies a la nostra col\u00b7laboraci\u00f3 amb Iberdrola, els nostres punts de rec\u00e0rrega ofereixen tecnologia de vanguardia i sostenibilitat.<\/p>\n\n\n\n<p><strong>Mobilitat sostenible en la Setmana Europea<\/strong> <\/p>\n\n\n\n<p>La Setmana Europea de la Mobilitat Sostenible, celebrada del 16 al 22 de setembre, promou h\u00e0bits de transport responsables. En aquest context, els punts de rec\u00e0rrega per a vehicles el\u00e8ctrics s\u00f3n essencials per impulsar el canvi cap a un transport m\u00e9s net.<\/p>\n\n\n\n<p><strong>Servei clau en m\u00e0 de VRP Electric<\/strong> <\/p>\n\n\n\n<p>El nostre servei clau en m\u00e0 simplifica la instal\u00b7laci\u00f3 de punts de rec\u00e0rrega. Des de l&#8217;estudi inicial fins a la posada en marxa, gestionem cada pas del projecte. Ens encarreguem de les llic\u00e8ncies, la instal\u00b7laci\u00f3 i el manteniment. Aix\u00ed, els nostres clients gaudeixen de la tranquil\u00b7litat de comptar amb un servei complet i eficient.<\/p>\n\n\n\n<p>Instal\u00b7la el teu punt de rec\u00e0rrega i contribueix a un futur m\u00e9s sostenible amb VRP Electric.<\/p>\n","protected":false},"excerpt":{"rendered":"<p>La Setmana Europea de la Mobilitat Sostenible ens recorda la import\u00e0ncia de reduir emissions. a trav\u00e9s de l&#8217;\u00fas de vehicles el\u00e8ctrics. <\/p>\n","protected":false},"author":1,"featured_media":6243,"comment_status":"open","ping_status":"open","sticky":false,"template":"","format":"standard","meta":{"footnotes":""},"categories":[2],"tags":[509,510,508],"class_list":["post-6240","post","type-post","status-publish","format-standard","has-post-thumbnail","hentry","category-noticias","tag-installacio-de-punts-de-recarrega","tag-punts-de-recarrega-2","tag-setmana-europea-de-la-mobilitat-sostenible"],"yoast_head":"<!-- This site is optimized with the Yoast SEO plugin v27.4 - https:\/\/yoast.com\/product\/yoast-seo-wordpress\/ -->\n<title>SETMANA EUROPEA DE LA MOBILITAT SOSTENIBLE - VRP Electric<\/title>\n<meta name=\"robots\" content=\"index, follow, max-snippet:-1, max-image-preview:large, max-video-preview:-1\" \/>\n<link rel=\"canonical\" href=\"https:\/\/vrpelectric.com\/ca\/setmana-europea-de-la-mobilitat-sostenible\/\" \/>\n<meta property=\"og:locale\" content=\"ca_ES\" \/>\n<meta property=\"og:type\" content=\"article\" \/>\n<meta property=\"og:title\" content=\"SETMANA EUROPEA DE LA MOBILITAT SOSTENIBLE - VRP Electric\" \/>\n<meta property=\"og:description\" content=\"La Setmana Europea de la Mobilitat Sostenible ens recorda la import\u00e0ncia de reduir emissions. a trav\u00e9s de l&#039;\u00fas de vehicles el\u00e8ctrics.\" \/>\n<meta property=\"og:url\" content=\"https:\/\/vrpelectric.com\/ca\/setmana-europea-de-la-mobilitat-sostenible\/\" \/>\n<meta property=\"og:site_name\" content=\"VRP Electric\" \/>\n<meta property=\"article:published_time\" content=\"2024-09-18T09:49:57+00:00\" \/>\n<meta property=\"article:modified_time\" content=\"2024-09-18T09:50:00+00:00\" \/>\n<meta property=\"og:image\" content=\"https:\/\/vrpelectric.com\/wp-content\/uploads\/2024\/09\/IMG_0837.jpg\" \/>\n\t<meta property=\"og:image:width\" content=\"560\" \/>\n\t<meta property=\"og:image:height\" content=\"315\" \/>\n\t<meta property=\"og:image:type\" content=\"image\/jpeg\" \/>\n<meta name=\"author\" content=\"admin\" \/>\n<meta name=\"twitter:card\" content=\"summary_large_image\" \/>\n<meta name=\"twitter:label1\" content=\"Escrit per\" \/>\n\t<meta name=\"twitter:data1\" content=\"admin\" \/>\n\t<meta name=\"twitter:label2\" content=\"Temps estimat de lectura\" \/>\n\t<meta name=\"twitter:data2\" content=\"2 minuts\" \/>\n<script type=\"application\/ld+json\" class=\"yoast-schema-graph\">{\"@context\":\"https:\\\/\\\/schema.org\",\"@graph\":[{\"@type\":\"Article\",\"@id\":\"https:\\\/\\\/vrpelectric.com\\\/ca\\\/setmana-europea-de-la-mobilitat-sostenible\\\/#article\",\"isPartOf\":{\"@id\":\"https:\\\/\\\/vrpelectric.com\\\/ca\\\/setmana-europea-de-la-mobilitat-sostenible\\\/\"},\"author\":{\"name\":\"admin\",\"@id\":\"https:\\\/\\\/vrpelectric.com\\\/ca\\\/#\\\/schema\\\/person\\\/6e6a77a745512000574dc1698ff2fb51\"},\"headline\":\"SETMANA EUROPEA DE LA MOBILITAT SOSTENIBLE\",\"datePublished\":\"2024-09-18T09:49:57+00:00\",\"dateModified\":\"2024-09-18T09:50:00+00:00\",\"mainEntityOfPage\":{\"@id\":\"https:\\\/\\\/vrpelectric.com\\\/ca\\\/setmana-europea-de-la-mobilitat-sostenible\\\/\"},\"wordCount\":372,\"commentCount\":0,\"image\":{\"@id\":\"https:\\\/\\\/vrpelectric.com\\\/ca\\\/setmana-europea-de-la-mobilitat-sostenible\\\/#primaryimage\"},\"thumbnailUrl\":\"https:\\\/\\\/vrpelectric.com\\\/wp-content\\\/uploads\\\/2024\\\/09\\\/IMG_0837.jpg\",\"keywords\":[\"instal\u00b7laci\u00f3 de punts de rec\u00e0rrega\",\"punts de rec\u00e0rrega\",\"setmana europea de la mobilitat sostenible\"],\"articleSection\":[\"Noticias\"],\"inLanguage\":\"ca\"},{\"@type\":\"WebPage\",\"@id\":\"https:\\\/\\\/vrpelectric.com\\\/ca\\\/setmana-europea-de-la-mobilitat-sostenible\\\/\",\"url\":\"https:\\\/\\\/vrpelectric.com\\\/ca\\\/setmana-europea-de-la-mobilitat-sostenible\\\/\",\"name\":\"SETMANA EUROPEA DE LA MOBILITAT SOSTENIBLE - VRP Electric\",\"isPartOf\":{\"@id\":\"https:\\\/\\\/vrpelectric.com\\\/ca\\\/#website\"},\"primaryImageOfPage\":{\"@id\":\"https:\\\/\\\/vrpelectric.com\\\/ca\\\/setmana-europea-de-la-mobilitat-sostenible\\\/#primaryimage\"},\"image\":{\"@id\":\"https:\\\/\\\/vrpelectric.com\\\/ca\\\/setmana-europea-de-la-mobilitat-sostenible\\\/#primaryimage\"},\"thumbnailUrl\":\"https:\\\/\\\/vrpelectric.com\\\/wp-content\\\/uploads\\\/2024\\\/09\\\/IMG_0837.jpg\",\"datePublished\":\"2024-09-18T09:49:57+00:00\",\"dateModified\":\"2024-09-18T09:50:00+00:00\",\"author\":{\"@id\":\"https:\\\/\\\/vrpelectric.com\\\/ca\\\/#\\\/schema\\\/person\\\/6e6a77a745512000574dc1698ff2fb51\"},\"breadcrumb\":{\"@id\":\"https:\\\/\\\/vrpelectric.com\\\/ca\\\/setmana-europea-de-la-mobilitat-sostenible\\\/#breadcrumb\"},\"inLanguage\":\"ca\",\"potentialAction\":[{\"@type\":\"ReadAction\",\"target\":[\"https:\\\/\\\/vrpelectric.com\\\/ca\\\/setmana-europea-de-la-mobilitat-sostenible\\\/\"]}]},{\"@type\":\"ImageObject\",\"inLanguage\":\"ca\",\"@id\":\"https:\\\/\\\/vrpelectric.com\\\/ca\\\/setmana-europea-de-la-mobilitat-sostenible\\\/#primaryimage\",\"url\":\"https:\\\/\\\/vrpelectric.com\\\/wp-content\\\/uploads\\\/2024\\\/09\\\/IMG_0837.jpg\",\"contentUrl\":\"https:\\\/\\\/vrpelectric.com\\\/wp-content\\\/uploads\\\/2024\\\/09\\\/IMG_0837.jpg\",\"width\":560,\"height\":315,\"caption\":\"Setmana Europea de la Mobilitat Sostenible\"},{\"@type\":\"BreadcrumbList\",\"@id\":\"https:\\\/\\\/vrpelectric.com\\\/ca\\\/setmana-europea-de-la-mobilitat-sostenible\\\/#breadcrumb\",\"itemListElement\":[{\"@type\":\"ListItem\",\"position\":1,\"name\":\"Portada\",\"item\":\"https:\\\/\\\/vrpelectric.com\\\/ca\\\/\"},{\"@type\":\"ListItem\",\"position\":2,\"name\":\"SETMANA EUROPEA DE LA MOBILITAT SOSTENIBLE\"}]},{\"@type\":\"WebSite\",\"@id\":\"https:\\\/\\\/vrpelectric.com\\\/ca\\\/#website\",\"url\":\"https:\\\/\\\/vrpelectric.com\\\/ca\\\/\",\"name\":\"VRP Electric\",\"description\":\"Tecnolog\u00eda El\u00e9ctrica\",\"potentialAction\":[{\"@type\":\"SearchAction\",\"target\":{\"@type\":\"EntryPoint\",\"urlTemplate\":\"https:\\\/\\\/vrpelectric.com\\\/ca\\\/?s={search_term_string}\"},\"query-input\":{\"@type\":\"PropertyValueSpecification\",\"valueRequired\":true,\"valueName\":\"search_term_string\"}}],\"inLanguage\":\"ca\"},{\"@type\":\"Person\",\"@id\":\"https:\\\/\\\/vrpelectric.com\\\/ca\\\/#\\\/schema\\\/person\\\/6e6a77a745512000574dc1698ff2fb51\",\"name\":\"admin\",\"image\":{\"@type\":\"ImageObject\",\"inLanguage\":\"ca\",\"@id\":\"https:\\\/\\\/secure.gravatar.com\\\/avatar\\\/fa01e1c104d302dfc4a054191c7e09a2186a1961a8d183e53696b0cbf664931a?s=96&d=mm&r=g\",\"url\":\"https:\\\/\\\/secure.gravatar.com\\\/avatar\\\/fa01e1c104d302dfc4a054191c7e09a2186a1961a8d183e53696b0cbf664931a?s=96&d=mm&r=g\",\"contentUrl\":\"https:\\\/\\\/secure.gravatar.com\\\/avatar\\\/fa01e1c104d302dfc4a054191c7e09a2186a1961a8d183e53696b0cbf664931a?s=96&d=mm&r=g\",\"caption\":\"admin\"},\"sameAs\":[\"http:\\\/\\\/vrpelectric.com:8008\"],\"url\":\"https:\\\/\\\/vrpelectric.com\\\/ca\\\/author\\\/admin\\\/\"}]}<\/script>\n<!-- \/ Yoast SEO plugin. -->","yoast_head_json":{"title":"SETMANA EUROPEA DE LA MOBILITAT SOSTENIBLE - VRP Electric","robots":{"index":"index","follow":"follow","max-snippet":"max-snippet:-1","max-image-preview":"max-image-preview:large","max-video-preview":"max-video-preview:-1"},"canonical":"https:\/\/vrpelectric.com\/ca\/setmana-europea-de-la-mobilitat-sostenible\/","og_locale":"ca_ES","og_type":"article","og_title":"SETMANA EUROPEA DE LA MOBILITAT SOSTENIBLE - VRP Electric","og_description":"La Setmana Europea de la Mobilitat Sostenible ens recorda la import\u00e0ncia de reduir emissions. a trav\u00e9s de l'\u00fas de vehicles el\u00e8ctrics.","og_url":"https:\/\/vrpelectric.com\/ca\/setmana-europea-de-la-mobilitat-sostenible\/","og_site_name":"VRP Electric","article_published_time":"2024-09-18T09:49:57+00:00","article_modified_time":"2024-09-18T09:50:00+00:00","og_image":[{"width":560,"height":315,"url":"https:\/\/vrpelectric.com\/wp-content\/uploads\/2024\/09\/IMG_0837.jpg","type":"image\/jpeg"}],"author":"admin","twitter_card":"summary_large_image","twitter_misc":{"Escrit per":"admin","Temps estimat de lectura":"2 minuts"},"schema":{"@context":"https:\/\/schema.org","@graph":[{"@type":"Article","@id":"https:\/\/vrpelectric.com\/ca\/setmana-europea-de-la-mobilitat-sostenible\/#article","isPartOf":{"@id":"https:\/\/vrpelectric.com\/ca\/setmana-europea-de-la-mobilitat-sostenible\/"},"author":{"name":"admin","@id":"https:\/\/vrpelectric.com\/ca\/#\/schema\/person\/6e6a77a745512000574dc1698ff2fb51"},"headline":"SETMANA EUROPEA DE LA MOBILITAT SOSTENIBLE","datePublished":"2024-09-18T09:49:57+00:00","dateModified":"2024-09-18T09:50:00+00:00","mainEntityOfPage":{"@id":"https:\/\/vrpelectric.com\/ca\/setmana-europea-de-la-mobilitat-sostenible\/"},"wordCount":372,"commentCount":0,"image":{"@id":"https:\/\/vrpelectric.com\/ca\/setmana-europea-de-la-mobilitat-sostenible\/#primaryimage"},"thumbnailUrl":"https:\/\/vrpelectric.com\/wp-content\/uploads\/2024\/09\/IMG_0837.jpg","keywords":["instal\u00b7laci\u00f3 de punts de rec\u00e0rrega","punts de rec\u00e0rrega","setmana europea de la mobilitat sostenible"],"articleSection":["Noticias"],"inLanguage":"ca"},{"@type":"WebPage","@id":"https:\/\/vrpelectric.com\/ca\/setmana-europea-de-la-mobilitat-sostenible\/","url":"https:\/\/vrpelectric.com\/ca\/setmana-europea-de-la-mobilitat-sostenible\/","name":"SETMANA EUROPEA DE LA MOBILITAT SOSTENIBLE - VRP Electric","isPartOf":{"@id":"https:\/\/vrpelectric.com\/ca\/#website"},"primaryImageOfPage":{"@id":"https:\/\/vrpelectric.com\/ca\/setmana-europea-de-la-mobilitat-sostenible\/#primaryimage"},"image":{"@id":"https:\/\/vrpelectric.com\/ca\/setmana-europea-de-la-mobilitat-sostenible\/#primaryimage"},"thumbnailUrl":"https:\/\/vrpelectric.com\/wp-content\/uploads\/2024\/09\/IMG_0837.jpg","datePublished":"2024-09-18T09:49:57+00:00","dateModified":"2024-09-18T09:50:00+00:00","author":{"@id":"https:\/\/vrpelectric.com\/ca\/#\/schema\/person\/6e6a77a745512000574dc1698ff2fb51"},"breadcrumb":{"@id":"https:\/\/vrpelectric.com\/ca\/setmana-europea-de-la-mobilitat-sostenible\/#breadcrumb"},"inLanguage":"ca","potentialAction":[{"@type":"ReadAction","target":["https:\/\/vrpelectric.com\/ca\/setmana-europea-de-la-mobilitat-sostenible\/"]}]},{"@type":"ImageObject","inLanguage":"ca","@id":"https:\/\/vrpelectric.com\/ca\/setmana-europea-de-la-mobilitat-sostenible\/#primaryimage","url":"https:\/\/vrpelectric.com\/wp-content\/uploads\/2024\/09\/IMG_0837.jpg","contentUrl":"https:\/\/vrpelectric.com\/wp-content\/uploads\/2024\/09\/IMG_0837.jpg","width":560,"height":315,"caption":"Setmana Europea de la Mobilitat Sostenible"},{"@type":"BreadcrumbList","@id":"https:\/\/vrpelectric.com\/ca\/setmana-europea-de-la-mobilitat-sostenible\/#breadcrumb","itemListElement":[{"@type":"ListItem","position":1,"name":"Portada","item":"https:\/\/vrpelectric.com\/ca\/"},{"@type":"ListItem","position":2,"name":"SETMANA EUROPEA DE LA MOBILITAT SOSTENIBLE"}]},{"@type":"WebSite","@id":"https:\/\/vrpelectric.com\/ca\/#website","url":"https:\/\/vrpelectric.com\/ca\/","name":"VRP Electric","description":"Tecnolog\u00eda El\u00e9ctrica","potentialAction":[{"@type":"SearchAction","target":{"@type":"EntryPoint","urlTemplate":"https:\/\/vrpelectric.com\/ca\/?s={search_term_string}"},"query-input":{"@type":"PropertyValueSpecification","valueRequired":true,"valueName":"search_term_string"}}],"inLanguage":"ca"},{"@type":"Person","@id":"https:\/\/vrpelectric.com\/ca\/#\/schema\/person\/6e6a77a745512000574dc1698ff2fb51","name":"admin","image":{"@type":"ImageObject","inLanguage":"ca","@id":"https:\/\/secure.gravatar.com\/avatar\/fa01e1c104d302dfc4a054191c7e09a2186a1961a8d183e53696b0cbf664931a?s=96&d=mm&r=g","url":"https:\/\/secure.gravatar.com\/avatar\/fa01e1c104d302dfc4a054191c7e09a2186a1961a8d183e53696b0cbf664931a?s=96&d=mm&r=g","contentUrl":"https:\/\/secure.gravatar.com\/avatar\/fa01e1c104d302dfc4a054191c7e09a2186a1961a8d183e53696b0cbf664931a?s=96&d=mm&r=g","caption":"admin"},"sameAs":["http:\/\/vrpelectric.com:8008"],"url":"https:\/\/vrpelectric.com\/ca\/author\/admin\/"}]}},"_links":{"self":[{"href":"https:\/\/vrpelectric.com\/ca\/wp-json\/wp\/v2\/posts\/6240","targetHints":{"allow":["GET"]}}],"collection":[{"href":"https:\/\/vrpelectric.com\/ca\/wp-json\/wp\/v2\/posts"}],"about":[{"href":"https:\/\/vrpelectric.com\/ca\/wp-json\/wp\/v2\/types\/post"}],"author":[{"embeddable":true,"href":"https:\/\/vrpelectric.com\/ca\/wp-json\/wp\/v2\/users\/1"}],"replies":[{"embeddable":true,"href":"https:\/\/vrpelectric.com\/ca\/wp-json\/wp\/v2\/comments?post=6240"}],"version-history":[{"count":1,"href":"https:\/\/vrpelectric.com\/ca\/wp-json\/wp\/v2\/posts\/6240\/revisions"}],"predecessor-version":[{"id":6245,"href":"https:\/\/vrpelectric.com\/ca\/wp-json\/wp\/v2\/posts\/6240\/revisions\/6245"}],"wp:featuredmedia":[{"embeddable":true,"href":"https:\/\/vrpelectric.com\/ca\/wp-json\/wp\/v2\/media\/6243"}],"wp:attachment":[{"href":"https:\/\/vrpelectric.com\/ca\/wp-json\/wp\/v2\/media?parent=6240"}],"wp:term":[{"taxonomy":"category","embeddable":true,"href":"https:\/\/vrpelectric.com\/ca\/wp-json\/wp\/v2\/categories?post=6240"},{"taxonomy":"post_tag","embeddable":true,"href":"https:\/\/vrpelectric.com\/ca\/wp-json\/wp\/v2\/tags?post=6240"}],"curies":[{"name":"wp","href":"https:\/\/api.w.org\/{rel}","templated":true}]}}