{"id":6225,"date":"2024-09-17T08:05:18","date_gmt":"2024-09-17T08:05:18","guid":{"rendered":"https:\/\/vrpelectric.com\/?p=6225"},"modified":"2024-09-17T08:08:30","modified_gmt":"2024-09-17T08:08:30","slug":"entitat-valenciana-socialment-sostenible","status":"publish","type":"post","link":"https:\/\/vrpelectric.com\/ca\/entitat-valenciana-socialment-sostenible\/","title":{"rendered":"VRP ELECTRIC, RECONEGUDA COM A ENTITAT VALENCIANA SOCIALMENT RESPONSABLE"},"content":{"rendered":"\n<p>La nostra empresa de servicis de tecnologia el\u00e8ctrica, <strong>VRP Electric<\/strong>, ha culminat amb \u00e8xit el proc\u00e9s per a ser reconeguda com a <strong><a href=\"https:\/\/hisenda.gva.es\/va\/web\/economia\/registre-entitats-valencianes-socialment-responsables\">Entitat Valenciana Socialment Responsable<\/a><\/strong>. Recentment, hem rebut la inscripci\u00f3 en el registre per part de la <strong>Conselleria d&#8217;Economia Sostenible, Sectors Productius, Comer\u00e7 i Treball<\/strong>.<\/p>\n\n\n\n<p>Per tant, amb este reconeixement, VRP Electric s\u2019unix al selecte grup de <strong>49 empreses i organitzacions valencianes<\/strong> que complixen amb els estrictes requisits de sostenibilitat econ\u00f2mica, social, ambiental i de bon govern corporatiu. Requisits que establix la <strong>Llei 18\/2018<\/strong> i el <strong>Decret 200\/2022<\/strong> del Consell.<\/p>\n\n\n\n<p><strong>Mesures de Responsabilitat Social<\/strong> <\/p>\n\n\n\n<p>En resum, com a empresa de la comarca de la Ribera, hem implementat avan\u00e7ades mesures de responsabilitat social, documentades en la nostra <strong><a href=\"https:\/\/vrpelectric.com\/vrp-y-la-agenda-2030\/\">Mem\u00f2ria de Sostenibilitat<\/a><\/strong> anual. \u00c9sta \u00e9s elaborada d\u2019acord amb els est\u00e0ndards universals de <strong><a href=\"https:\/\/www.globalreporting.org\/\">Global Reporting Initiative (GRI)<\/a><\/strong>. Ha sigut verificada per una entitat d\u2019auditoria social, i posteriorment, el <strong>Registre Mercantil<\/strong> ha certificat el compliment de la normativa valenciana. Finalment, la <strong>Conselleria<\/strong> ha validat el proc\u00e9s i ens ha inscrit amb el n\u00famero de registre <strong>2024\/47<\/strong>.<\/p>\n\n\n\n<p>Vicente Ribera, gerent de VRP Electric, ha destacat que este reconeixement refor\u00e7a el nostre comprom\u00eds amb la sostenibilitat i ens anima a continuar generant impactes positius per a una activitat m\u00e9s neta i responsable.<\/p>\n\n\n\n<p><strong>Estrategia de Sostenibilitat 2024-2027<\/strong> <\/p>\n\n\n\n<p>Per tant, el nostre comprom\u00eds amb la sostenibilitat s\u2019ha anat intensificant i es reflectix en l\u2019<strong>Estrategia de Sostenibilitat 2024-2027<\/strong>, centrada en quatre eixos: <strong>Planeta<\/strong>, <strong>Persones<\/strong>, <strong>Cadena de Valor<\/strong> i <strong>Alian\u00e7es<\/strong>, completats amb els d\u2019<strong>Bon Govern, Comunicaci\u00f3 i Transpar\u00e8ncia<\/strong>. Per a aconseguir els nostres objectius, identifiquem la <strong>excel\u00b7l\u00e8ncia en el servici<\/strong>, la <strong>innovaci\u00f3 constant<\/strong> i el <strong>creixement sostingut<\/strong> com a motors essencials.<\/p>\n\n\n\n<hr class=\"wp-block-separator has-alpha-channel-opacity\"\/>\n","protected":false},"excerpt":{"rendered":"<p>VRP Electric, ha culminat amb \u00e8xit el proc\u00e9s per a ser reconeguda com a Entitat Valenciana Socialment Responsable. <\/p>\n","protected":false},"author":1,"featured_media":6226,"comment_status":"open","ping_status":"open","sticky":false,"template":"","format":"standard","meta":{"footnotes":""},"categories":[354],"tags":[503,504,408],"class_list":["post-6225","post","type-post","status-publish","format-standard","has-post-thumbnail","hentry","category-noticies","tag-entitat-valenciana-socialment-responsable","tag-mesures-de-responsabilitat-social","tag-sostenibilitat"],"yoast_head":"<!-- This site is optimized with the Yoast SEO plugin v27.4 - https:\/\/yoast.com\/product\/yoast-seo-wordpress\/ -->\n<title>VRP ELECTRIC, RECONEGUDA COM A ENTITAT VALENCIANA SOCIALMENT RESPONSABLE - VRP Electric<\/title>\n<meta name=\"description\" content=\"VRP Electric, ha culminat amb \u00e8xit el proc\u00e9s per a ser reconeguda com a Entitat Valenciana Socialment Responsable per la Conselleria d&#039;Economia Sostenible.\" \/>\n<meta name=\"robots\" content=\"index, follow, max-snippet:-1, max-image-preview:large, max-video-preview:-1\" \/>\n<link rel=\"canonical\" href=\"https:\/\/vrpelectric.com\/ca\/entitat-valenciana-socialment-sostenible\/\" \/>\n<meta property=\"og:locale\" content=\"ca_ES\" \/>\n<meta property=\"og:type\" content=\"article\" \/>\n<meta property=\"og:title\" content=\"VRP ELECTRIC, RECONEGUDA COM A ENTITAT VALENCIANA SOCIALMENT RESPONSABLE - VRP Electric\" \/>\n<meta property=\"og:description\" content=\"VRP Electric, ha culminat amb \u00e8xit el proc\u00e9s per a ser reconeguda com a Entitat Valenciana Socialment Responsable per la Conselleria d&#039;Economia Sostenible.\" \/>\n<meta property=\"og:url\" content=\"https:\/\/vrpelectric.com\/ca\/entitat-valenciana-socialment-sostenible\/\" \/>\n<meta property=\"og:site_name\" content=\"VRP Electric\" \/>\n<meta property=\"article:published_time\" content=\"2024-09-17T08:05:18+00:00\" \/>\n<meta property=\"article:modified_time\" content=\"2024-09-17T08:08:30+00:00\" \/>\n<meta property=\"og:image\" content=\"https:\/\/vrpelectric.com\/wp-content\/uploads\/2024\/09\/ai-generated-8708404_1920-1.jpg\" \/>\n\t<meta property=\"og:image:width\" content=\"1920\" \/>\n\t<meta property=\"og:image:height\" content=\"1097\" \/>\n\t<meta property=\"og:image:type\" content=\"image\/jpeg\" \/>\n<meta name=\"author\" content=\"admin\" \/>\n<meta name=\"twitter:card\" content=\"summary_large_image\" \/>\n<meta name=\"twitter:label1\" content=\"Escrit per\" \/>\n\t<meta name=\"twitter:data1\" content=\"admin\" \/>\n\t<meta name=\"twitter:label2\" content=\"Temps estimat de lectura\" \/>\n\t<meta name=\"twitter:data2\" content=\"1 minut\" \/>\n<script type=\"application\/ld+json\" class=\"yoast-schema-graph\">{\"@context\":\"https:\\\/\\\/schema.org\",\"@graph\":[{\"@type\":\"Article\",\"@id\":\"https:\\\/\\\/vrpelectric.com\\\/ca\\\/entitat-valenciana-socialment-sostenible\\\/#article\",\"isPartOf\":{\"@id\":\"https:\\\/\\\/vrpelectric.com\\\/ca\\\/entitat-valenciana-socialment-sostenible\\\/\"},\"author\":{\"name\":\"admin\",\"@id\":\"https:\\\/\\\/vrpelectric.com\\\/ca\\\/#\\\/schema\\\/person\\\/6e6a77a745512000574dc1698ff2fb51\"},\"headline\":\"VRP ELECTRIC, RECONEGUDA COM A ENTITAT VALENCIANA SOCIALMENT RESPONSABLE\",\"datePublished\":\"2024-09-17T08:05:18+00:00\",\"dateModified\":\"2024-09-17T08:08:30+00:00\",\"mainEntityOfPage\":{\"@id\":\"https:\\\/\\\/vrpelectric.com\\\/ca\\\/entitat-valenciana-socialment-sostenible\\\/\"},\"wordCount\":299,\"commentCount\":0,\"image\":{\"@id\":\"https:\\\/\\\/vrpelectric.com\\\/ca\\\/entitat-valenciana-socialment-sostenible\\\/#primaryimage\"},\"thumbnailUrl\":\"https:\\\/\\\/vrpelectric.com\\\/wp-content\\\/uploads\\\/2024\\\/09\\\/ai-generated-8708404_1920-1.jpg\",\"keywords\":[\"entitat valenciana socialment responsable\",\"mesures de responsabilitat social\",\"sostenibilitat\"],\"articleSection\":[\"Not\u00edcies\"],\"inLanguage\":\"ca\"},{\"@type\":\"WebPage\",\"@id\":\"https:\\\/\\\/vrpelectric.com\\\/ca\\\/entitat-valenciana-socialment-sostenible\\\/\",\"url\":\"https:\\\/\\\/vrpelectric.com\\\/ca\\\/entitat-valenciana-socialment-sostenible\\\/\",\"name\":\"VRP ELECTRIC, RECONEGUDA COM A ENTITAT VALENCIANA SOCIALMENT RESPONSABLE - VRP Electric\",\"isPartOf\":{\"@id\":\"https:\\\/\\\/vrpelectric.com\\\/ca\\\/#website\"},\"primaryImageOfPage\":{\"@id\":\"https:\\\/\\\/vrpelectric.com\\\/ca\\\/entitat-valenciana-socialment-sostenible\\\/#primaryimage\"},\"image\":{\"@id\":\"https:\\\/\\\/vrpelectric.com\\\/ca\\\/entitat-valenciana-socialment-sostenible\\\/#primaryimage\"},\"thumbnailUrl\":\"https:\\\/\\\/vrpelectric.com\\\/wp-content\\\/uploads\\\/2024\\\/09\\\/ai-generated-8708404_1920-1.jpg\",\"datePublished\":\"2024-09-17T08:05:18+00:00\",\"dateModified\":\"2024-09-17T08:08:30+00:00\",\"author\":{\"@id\":\"https:\\\/\\\/vrpelectric.com\\\/ca\\\/#\\\/schema\\\/person\\\/6e6a77a745512000574dc1698ff2fb51\"},\"description\":\"VRP Electric, ha culminat amb \u00e8xit el proc\u00e9s per a ser reconeguda com a Entitat Valenciana Socialment Responsable per la Conselleria d'Economia Sostenible.\",\"breadcrumb\":{\"@id\":\"https:\\\/\\\/vrpelectric.com\\\/ca\\\/entitat-valenciana-socialment-sostenible\\\/#breadcrumb\"},\"inLanguage\":\"ca\",\"potentialAction\":[{\"@type\":\"ReadAction\",\"target\":[\"https:\\\/\\\/vrpelectric.com\\\/ca\\\/entitat-valenciana-socialment-sostenible\\\/\"]}]},{\"@type\":\"ImageObject\",\"inLanguage\":\"ca\",\"@id\":\"https:\\\/\\\/vrpelectric.com\\\/ca\\\/entitat-valenciana-socialment-sostenible\\\/#primaryimage\",\"url\":\"https:\\\/\\\/vrpelectric.com\\\/wp-content\\\/uploads\\\/2024\\\/09\\\/ai-generated-8708404_1920-1.jpg\",\"contentUrl\":\"https:\\\/\\\/vrpelectric.com\\\/wp-content\\\/uploads\\\/2024\\\/09\\\/ai-generated-8708404_1920-1.jpg\",\"width\":1920,\"height\":1097,\"caption\":\"Vrp Electric, Entitat Valenciana Socialment Responsable\"},{\"@type\":\"BreadcrumbList\",\"@id\":\"https:\\\/\\\/vrpelectric.com\\\/ca\\\/entitat-valenciana-socialment-sostenible\\\/#breadcrumb\",\"itemListElement\":[{\"@type\":\"ListItem\",\"position\":1,\"name\":\"Portada\",\"item\":\"https:\\\/\\\/vrpelectric.com\\\/ca\\\/\"},{\"@type\":\"ListItem\",\"position\":2,\"name\":\"VRP ELECTRIC, RECONEGUDA COM A ENTITAT VALENCIANA SOCIALMENT RESPONSABLE\"}]},{\"@type\":\"WebSite\",\"@id\":\"https:\\\/\\\/vrpelectric.com\\\/ca\\\/#website\",\"url\":\"https:\\\/\\\/vrpelectric.com\\\/ca\\\/\",\"name\":\"VRP Electric\",\"description\":\"Tecnolog\u00eda El\u00e9ctrica\",\"potentialAction\":[{\"@type\":\"SearchAction\",\"target\":{\"@type\":\"EntryPoint\",\"urlTemplate\":\"https:\\\/\\\/vrpelectric.com\\\/ca\\\/?s={search_term_string}\"},\"query-input\":{\"@type\":\"PropertyValueSpecification\",\"valueRequired\":true,\"valueName\":\"search_term_string\"}}],\"inLanguage\":\"ca\"},{\"@type\":\"Person\",\"@id\":\"https:\\\/\\\/vrpelectric.com\\\/ca\\\/#\\\/schema\\\/person\\\/6e6a77a745512000574dc1698ff2fb51\",\"name\":\"admin\",\"image\":{\"@type\":\"ImageObject\",\"inLanguage\":\"ca\",\"@id\":\"https:\\\/\\\/secure.gravatar.com\\\/avatar\\\/fa01e1c104d302dfc4a054191c7e09a2186a1961a8d183e53696b0cbf664931a?s=96&d=mm&r=g\",\"url\":\"https:\\\/\\\/secure.gravatar.com\\\/avatar\\\/fa01e1c104d302dfc4a054191c7e09a2186a1961a8d183e53696b0cbf664931a?s=96&d=mm&r=g\",\"contentUrl\":\"https:\\\/\\\/secure.gravatar.com\\\/avatar\\\/fa01e1c104d302dfc4a054191c7e09a2186a1961a8d183e53696b0cbf664931a?s=96&d=mm&r=g\",\"caption\":\"admin\"},\"sameAs\":[\"http:\\\/\\\/vrpelectric.com:8008\"],\"url\":\"https:\\\/\\\/vrpelectric.com\\\/ca\\\/author\\\/admin\\\/\"}]}<\/script>\n<!-- \/ Yoast SEO plugin. -->","yoast_head_json":{"title":"VRP ELECTRIC, RECONEGUDA COM A ENTITAT VALENCIANA SOCIALMENT RESPONSABLE - VRP Electric","description":"VRP Electric, ha culminat amb \u00e8xit el proc\u00e9s per a ser reconeguda com a Entitat Valenciana Socialment Responsable per la Conselleria d'Economia Sostenible.","robots":{"index":"index","follow":"follow","max-snippet":"max-snippet:-1","max-image-preview":"max-image-preview:large","max-video-preview":"max-video-preview:-1"},"canonical":"https:\/\/vrpelectric.com\/ca\/entitat-valenciana-socialment-sostenible\/","og_locale":"ca_ES","og_type":"article","og_title":"VRP ELECTRIC, RECONEGUDA COM A ENTITAT VALENCIANA SOCIALMENT RESPONSABLE - VRP Electric","og_description":"VRP Electric, ha culminat amb \u00e8xit el proc\u00e9s per a ser reconeguda com a Entitat Valenciana Socialment Responsable per la Conselleria d'Economia Sostenible.","og_url":"https:\/\/vrpelectric.com\/ca\/entitat-valenciana-socialment-sostenible\/","og_site_name":"VRP Electric","article_published_time":"2024-09-17T08:05:18+00:00","article_modified_time":"2024-09-17T08:08:30+00:00","og_image":[{"width":1920,"height":1097,"url":"https:\/\/vrpelectric.com\/wp-content\/uploads\/2024\/09\/ai-generated-8708404_1920-1.jpg","type":"image\/jpeg"}],"author":"admin","twitter_card":"summary_large_image","twitter_misc":{"Escrit per":"admin","Temps estimat de lectura":"1 minut"},"schema":{"@context":"https:\/\/schema.org","@graph":[{"@type":"Article","@id":"https:\/\/vrpelectric.com\/ca\/entitat-valenciana-socialment-sostenible\/#article","isPartOf":{"@id":"https:\/\/vrpelectric.com\/ca\/entitat-valenciana-socialment-sostenible\/"},"author":{"name":"admin","@id":"https:\/\/vrpelectric.com\/ca\/#\/schema\/person\/6e6a77a745512000574dc1698ff2fb51"},"headline":"VRP ELECTRIC, RECONEGUDA COM A ENTITAT VALENCIANA SOCIALMENT RESPONSABLE","datePublished":"2024-09-17T08:05:18+00:00","dateModified":"2024-09-17T08:08:30+00:00","mainEntityOfPage":{"@id":"https:\/\/vrpelectric.com\/ca\/entitat-valenciana-socialment-sostenible\/"},"wordCount":299,"commentCount":0,"image":{"@id":"https:\/\/vrpelectric.com\/ca\/entitat-valenciana-socialment-sostenible\/#primaryimage"},"thumbnailUrl":"https:\/\/vrpelectric.com\/wp-content\/uploads\/2024\/09\/ai-generated-8708404_1920-1.jpg","keywords":["entitat valenciana socialment responsable","mesures de responsabilitat social","sostenibilitat"],"articleSection":["Not\u00edcies"],"inLanguage":"ca"},{"@type":"WebPage","@id":"https:\/\/vrpelectric.com\/ca\/entitat-valenciana-socialment-sostenible\/","url":"https:\/\/vrpelectric.com\/ca\/entitat-valenciana-socialment-sostenible\/","name":"VRP ELECTRIC, RECONEGUDA COM A ENTITAT VALENCIANA SOCIALMENT RESPONSABLE - VRP Electric","isPartOf":{"@id":"https:\/\/vrpelectric.com\/ca\/#website"},"primaryImageOfPage":{"@id":"https:\/\/vrpelectric.com\/ca\/entitat-valenciana-socialment-sostenible\/#primaryimage"},"image":{"@id":"https:\/\/vrpelectric.com\/ca\/entitat-valenciana-socialment-sostenible\/#primaryimage"},"thumbnailUrl":"https:\/\/vrpelectric.com\/wp-content\/uploads\/2024\/09\/ai-generated-8708404_1920-1.jpg","datePublished":"2024-09-17T08:05:18+00:00","dateModified":"2024-09-17T08:08:30+00:00","author":{"@id":"https:\/\/vrpelectric.com\/ca\/#\/schema\/person\/6e6a77a745512000574dc1698ff2fb51"},"description":"VRP Electric, ha culminat amb \u00e8xit el proc\u00e9s per a ser reconeguda com a Entitat Valenciana Socialment Responsable per la Conselleria d'Economia Sostenible.","breadcrumb":{"@id":"https:\/\/vrpelectric.com\/ca\/entitat-valenciana-socialment-sostenible\/#breadcrumb"},"inLanguage":"ca","potentialAction":[{"@type":"ReadAction","target":["https:\/\/vrpelectric.com\/ca\/entitat-valenciana-socialment-sostenible\/"]}]},{"@type":"ImageObject","inLanguage":"ca","@id":"https:\/\/vrpelectric.com\/ca\/entitat-valenciana-socialment-sostenible\/#primaryimage","url":"https:\/\/vrpelectric.com\/wp-content\/uploads\/2024\/09\/ai-generated-8708404_1920-1.jpg","contentUrl":"https:\/\/vrpelectric.com\/wp-content\/uploads\/2024\/09\/ai-generated-8708404_1920-1.jpg","width":1920,"height":1097,"caption":"Vrp Electric, Entitat Valenciana Socialment Responsable"},{"@type":"BreadcrumbList","@id":"https:\/\/vrpelectric.com\/ca\/entitat-valenciana-socialment-sostenible\/#breadcrumb","itemListElement":[{"@type":"ListItem","position":1,"name":"Portada","item":"https:\/\/vrpelectric.com\/ca\/"},{"@type":"ListItem","position":2,"name":"VRP ELECTRIC, RECONEGUDA COM A ENTITAT VALENCIANA SOCIALMENT RESPONSABLE"}]},{"@type":"WebSite","@id":"https:\/\/vrpelectric.com\/ca\/#website","url":"https:\/\/vrpelectric.com\/ca\/","name":"VRP Electric","description":"Tecnolog\u00eda El\u00e9ctrica","potentialAction":[{"@type":"SearchAction","target":{"@type":"EntryPoint","urlTemplate":"https:\/\/vrpelectric.com\/ca\/?s={search_term_string}"},"query-input":{"@type":"PropertyValueSpecification","valueRequired":true,"valueName":"search_term_string"}}],"inLanguage":"ca"},{"@type":"Person","@id":"https:\/\/vrpelectric.com\/ca\/#\/schema\/person\/6e6a77a745512000574dc1698ff2fb51","name":"admin","image":{"@type":"ImageObject","inLanguage":"ca","@id":"https:\/\/secure.gravatar.com\/avatar\/fa01e1c104d302dfc4a054191c7e09a2186a1961a8d183e53696b0cbf664931a?s=96&d=mm&r=g","url":"https:\/\/secure.gravatar.com\/avatar\/fa01e1c104d302dfc4a054191c7e09a2186a1961a8d183e53696b0cbf664931a?s=96&d=mm&r=g","contentUrl":"https:\/\/secure.gravatar.com\/avatar\/fa01e1c104d302dfc4a054191c7e09a2186a1961a8d183e53696b0cbf664931a?s=96&d=mm&r=g","caption":"admin"},"sameAs":["http:\/\/vrpelectric.com:8008"],"url":"https:\/\/vrpelectric.com\/ca\/author\/admin\/"}]}},"_links":{"self":[{"href":"https:\/\/vrpelectric.com\/ca\/wp-json\/wp\/v2\/posts\/6225","targetHints":{"allow":["GET"]}}],"collection":[{"href":"https:\/\/vrpelectric.com\/ca\/wp-json\/wp\/v2\/posts"}],"about":[{"href":"https:\/\/vrpelectric.com\/ca\/wp-json\/wp\/v2\/types\/post"}],"author":[{"embeddable":true,"href":"https:\/\/vrpelectric.com\/ca\/wp-json\/wp\/v2\/users\/1"}],"replies":[{"embeddable":true,"href":"https:\/\/vrpelectric.com\/ca\/wp-json\/wp\/v2\/comments?post=6225"}],"version-history":[{"count":2,"href":"https:\/\/vrpelectric.com\/ca\/wp-json\/wp\/v2\/posts\/6225\/revisions"}],"predecessor-version":[{"id":6230,"href":"https:\/\/vrpelectric.com\/ca\/wp-json\/wp\/v2\/posts\/6225\/revisions\/6230"}],"wp:featuredmedia":[{"embeddable":true,"href":"https:\/\/vrpelectric.com\/ca\/wp-json\/wp\/v2\/media\/6226"}],"wp:attachment":[{"href":"https:\/\/vrpelectric.com\/ca\/wp-json\/wp\/v2\/media?parent=6225"}],"wp:term":[{"taxonomy":"category","embeddable":true,"href":"https:\/\/vrpelectric.com\/ca\/wp-json\/wp\/v2\/categories?post=6225"},{"taxonomy":"post_tag","embeddable":true,"href":"https:\/\/vrpelectric.com\/ca\/wp-json\/wp\/v2\/tags?post=6225"}],"curies":[{"name":"wp","href":"https:\/\/api.w.org\/{rel}","templated":true}]}}