{"id":6190,"date":"2024-07-03T09:37:43","date_gmt":"2024-07-03T09:37:43","guid":{"rendered":"https:\/\/vrpelectric.com\/?p=6190"},"modified":"2024-07-03T09:37:45","modified_gmt":"2024-07-03T09:37:45","slug":"circuit-provincial-de-tenis-de-castello","status":"publish","type":"post","link":"https:\/\/vrpelectric.com\/ca\/circuit-provincial-de-tenis-de-castello\/","title":{"rendered":"VRP ELECTRIC PATROCINA EL CIRCUIT PROVINCIAL DE TENIS DE CASTELL\u00d3"},"content":{"rendered":"\n<p>Les instal\u00b7lacions de <a href=\"https:\/\/laplanasport.pistacentral.es\/\"><strong>La Plana Sport Castell\u00f3<\/strong> <\/a>acolliran una nova edici\u00f3 del <strong>Circuit Provincial de Tenis de Castell\u00f3<\/strong>. Un emblem\u00e0tic esdeveniment esportiu que t\u00e9 m\u00e9s de quatre d\u00e8cades de traject\u00f2ria a la seua esquena. Aix\u00ed, este circuit s&#8217;ha convertit en tot un referent en el m\u00f3n del tenis, tant per la seua elevada participaci\u00f3 com pels premis que en ell es repartixen i que inclouen una setmana d&#8217;entrenaments en l&#8217;<strong><a href=\"https:\/\/ferreroacademy.com\/?gad_source=1&amp;gclid=Cj0KCQjw7ZO0BhDYARIsAFttkCjDVjMOP4DaHDh31o2-TQZdUnYcPkAR3wRYjBZHmn6oFAxWuJHh_3kaAlBmEALw_wcB\">Acad\u00e8mia de Juan Carlos Ferrero<\/a><\/strong>.<\/p>\n\n\n\n<p>Des de <strong><a href=\"http:\/\/www.vrpelectric.com\">VRP Electric<\/a><\/strong> estem molt contents amb el patrocini d&#8217;este torneig i de posar el nostre granet d&#8217;arena perqu\u00e8 l&#8217;esport en la nostra Comunitat continue creixent. \u201c<em>Per a nosaltres \u00e9s molt important donar suport a la competici\u00f3 esportiva perqu\u00e8 \u00e9s una inversi\u00f3 en els valors que volem veure reflectits en la nostra societat: treball en equip, perseveran\u00e7a, disciplina, salut, respecte i comunitat. Estem orgullosos de fer costat als esportistes que s\u00f3n un exemple d&#8217;estos valors<\/em>\u201c, ha manifestat <strong>Vicent Ribera Plana, gerent de VRP Electric<\/strong>.<\/p>\n\n\n\n<p>Els clubs provincials seus del circuit ultimen preparatius durant esta setmana per a poder arrancar, dilluns que ve 8 de juliol, en el <strong>C.T.Almassora<\/strong>. S&#8217;espera repetir, o fins i tot millorar, la participaci\u00f3 de l&#8217;any passat quan es van comptabilitzar al voltant de 1.000 inscripcions.<\/p>\n\n\n\n<p>En esta ocasi\u00f3, el <strong>Circuit Provincial de Tenis de Castell\u00f3 <\/strong>tindr\u00e0 algunes novetats. Una d&#8217;elles \u00e9s el jutge \u00e0rbitre \u00fanic per a totes les proves, que ser\u00e0 <strong>Drague Colja<\/strong>, la qual cosa ajudar\u00e0 a millorar la gesti\u00f3 i el funcionament del torneig. Una altra \u00e9s la programaci\u00f3 d&#8217;un m\u00e0ster el mes de setembre per als 8 primers classificats de cada categoria de menors i els 4 primers absoluts. Els guanyadors obtindran una puntuaci\u00f3 especial. El Circuit Provincial de Tenis conclour\u00e0 amb la gran Gala que tindr\u00e0 lloc el 10 de desembre en el <strong>Paranimf de la Universitat Jaume I de Castell\u00f3<\/strong>.<\/p>\n","protected":false},"excerpt":{"rendered":"<p>La Plana Sport Castell\u00f3 acollir\u00e0 el Circuit Provincial de Tenis de Castell\u00f3. Un emblem\u00e0tic esdeveniment que compta amb quatre d\u00e8cades de traject\u00f2ria. <\/p>\n","protected":false},"author":1,"featured_media":6187,"comment_status":"open","ping_status":"open","sticky":false,"template":"","format":"standard","meta":{"footnotes":""},"categories":[354],"tags":[484,481,482,483],"class_list":["post-6190","post","type-post","status-publish","format-standard","has-post-thumbnail","hentry","category-noticies","tag-academia-juan-carlos-ferrero","tag-circuit-provincial-de-tenis-de-castello","tag-plana-sport-castello","tag-vicent-ribera-plana"],"yoast_head":"<!-- This site is optimized with the Yoast SEO plugin v27.4 - https:\/\/yoast.com\/product\/yoast-seo-wordpress\/ -->\n<title>VRP ELECTRIC PATROCINA EL CIRCUIT PROVINCIAL DE TENIS DE CASTELL\u00d3 - VRP Electric<\/title>\n<meta name=\"description\" content=\"La Plana Sport Castell\u00f3 acollir\u00e0 el Circuit Provincial de Tenis de Castell\u00f3. Un emblem\u00e0tic esdeveniment que compta amb quatre d\u00e8cades de traject\u00f2ria.\" \/>\n<meta name=\"robots\" content=\"index, follow, max-snippet:-1, max-image-preview:large, max-video-preview:-1\" \/>\n<link rel=\"canonical\" href=\"https:\/\/vrpelectric.com\/ca\/circuit-provincial-de-tenis-de-castello\/\" \/>\n<meta property=\"og:locale\" content=\"ca_ES\" \/>\n<meta property=\"og:type\" content=\"article\" \/>\n<meta property=\"og:title\" content=\"VRP ELECTRIC PATROCINA EL CIRCUIT PROVINCIAL DE TENIS DE CASTELL\u00d3 - VRP Electric\" \/>\n<meta property=\"og:description\" content=\"La Plana Sport Castell\u00f3 acollir\u00e0 el Circuit Provincial de Tenis de Castell\u00f3. Un emblem\u00e0tic esdeveniment que compta amb quatre d\u00e8cades de traject\u00f2ria.\" \/>\n<meta property=\"og:url\" content=\"https:\/\/vrpelectric.com\/ca\/circuit-provincial-de-tenis-de-castello\/\" \/>\n<meta property=\"og:site_name\" content=\"VRP Electric\" \/>\n<meta property=\"article:published_time\" content=\"2024-07-03T09:37:43+00:00\" \/>\n<meta property=\"article:modified_time\" content=\"2024-07-03T09:37:45+00:00\" \/>\n<meta property=\"og:image\" content=\"https:\/\/vrpelectric.com\/wp-content\/uploads\/2024\/07\/verano24.jpg\" \/>\n\t<meta property=\"og:image:width\" content=\"1340\" \/>\n\t<meta property=\"og:image:height\" content=\"1885\" \/>\n\t<meta property=\"og:image:type\" content=\"image\/jpeg\" \/>\n<meta name=\"author\" content=\"admin\" \/>\n<meta name=\"twitter:card\" content=\"summary_large_image\" \/>\n<meta name=\"twitter:label1\" content=\"Escrit per\" \/>\n\t<meta name=\"twitter:data1\" content=\"admin\" \/>\n\t<meta name=\"twitter:label2\" content=\"Temps estimat de lectura\" \/>\n\t<meta name=\"twitter:data2\" content=\"2 minuts\" \/>\n<script type=\"application\/ld+json\" class=\"yoast-schema-graph\">{\"@context\":\"https:\\\/\\\/schema.org\",\"@graph\":[{\"@type\":\"Article\",\"@id\":\"https:\\\/\\\/vrpelectric.com\\\/ca\\\/circuit-provincial-de-tenis-de-castello\\\/#article\",\"isPartOf\":{\"@id\":\"https:\\\/\\\/vrpelectric.com\\\/ca\\\/circuit-provincial-de-tenis-de-castello\\\/\"},\"author\":{\"name\":\"admin\",\"@id\":\"https:\\\/\\\/vrpelectric.com\\\/ca\\\/#\\\/schema\\\/person\\\/6e6a77a745512000574dc1698ff2fb51\"},\"headline\":\"VRP ELECTRIC PATROCINA EL CIRCUIT PROVINCIAL DE TENIS DE CASTELL\u00d3\",\"datePublished\":\"2024-07-03T09:37:43+00:00\",\"dateModified\":\"2024-07-03T09:37:45+00:00\",\"mainEntityOfPage\":{\"@id\":\"https:\\\/\\\/vrpelectric.com\\\/ca\\\/circuit-provincial-de-tenis-de-castello\\\/\"},\"wordCount\":333,\"commentCount\":0,\"image\":{\"@id\":\"https:\\\/\\\/vrpelectric.com\\\/ca\\\/circuit-provincial-de-tenis-de-castello\\\/#primaryimage\"},\"thumbnailUrl\":\"https:\\\/\\\/vrpelectric.com\\\/wp-content\\\/uploads\\\/2024\\\/07\\\/verano24.jpg\",\"keywords\":[\"Acad\u00e8mia Juan Carlos Ferrero\",\"Circuit Provincial de Tenis de Castell\u00f3\",\"Plana Sport Castell\u00f3\",\"Vicent Ribera Plana\"],\"articleSection\":[\"Not\u00edcies\"],\"inLanguage\":\"ca\"},{\"@type\":\"WebPage\",\"@id\":\"https:\\\/\\\/vrpelectric.com\\\/ca\\\/circuit-provincial-de-tenis-de-castello\\\/\",\"url\":\"https:\\\/\\\/vrpelectric.com\\\/ca\\\/circuit-provincial-de-tenis-de-castello\\\/\",\"name\":\"VRP ELECTRIC PATROCINA EL CIRCUIT PROVINCIAL DE TENIS DE CASTELL\u00d3 - VRP Electric\",\"isPartOf\":{\"@id\":\"https:\\\/\\\/vrpelectric.com\\\/ca\\\/#website\"},\"primaryImageOfPage\":{\"@id\":\"https:\\\/\\\/vrpelectric.com\\\/ca\\\/circuit-provincial-de-tenis-de-castello\\\/#primaryimage\"},\"image\":{\"@id\":\"https:\\\/\\\/vrpelectric.com\\\/ca\\\/circuit-provincial-de-tenis-de-castello\\\/#primaryimage\"},\"thumbnailUrl\":\"https:\\\/\\\/vrpelectric.com\\\/wp-content\\\/uploads\\\/2024\\\/07\\\/verano24.jpg\",\"datePublished\":\"2024-07-03T09:37:43+00:00\",\"dateModified\":\"2024-07-03T09:37:45+00:00\",\"author\":{\"@id\":\"https:\\\/\\\/vrpelectric.com\\\/ca\\\/#\\\/schema\\\/person\\\/6e6a77a745512000574dc1698ff2fb51\"},\"description\":\"La Plana Sport Castell\u00f3 acollir\u00e0 el Circuit Provincial de Tenis de Castell\u00f3. Un emblem\u00e0tic esdeveniment que compta amb quatre d\u00e8cades de traject\u00f2ria.\",\"breadcrumb\":{\"@id\":\"https:\\\/\\\/vrpelectric.com\\\/ca\\\/circuit-provincial-de-tenis-de-castello\\\/#breadcrumb\"},\"inLanguage\":\"ca\",\"potentialAction\":[{\"@type\":\"ReadAction\",\"target\":[\"https:\\\/\\\/vrpelectric.com\\\/ca\\\/circuit-provincial-de-tenis-de-castello\\\/\"]}]},{\"@type\":\"ImageObject\",\"inLanguage\":\"ca\",\"@id\":\"https:\\\/\\\/vrpelectric.com\\\/ca\\\/circuit-provincial-de-tenis-de-castello\\\/#primaryimage\",\"url\":\"https:\\\/\\\/vrpelectric.com\\\/wp-content\\\/uploads\\\/2024\\\/07\\\/verano24.jpg\",\"contentUrl\":\"https:\\\/\\\/vrpelectric.com\\\/wp-content\\\/uploads\\\/2024\\\/07\\\/verano24.jpg\",\"width\":1340,\"height\":1885,\"caption\":\"VRP Electric patrocinador del Circuito Provincial de Tenis de Castell\u00f3n\"},{\"@type\":\"BreadcrumbList\",\"@id\":\"https:\\\/\\\/vrpelectric.com\\\/ca\\\/circuit-provincial-de-tenis-de-castello\\\/#breadcrumb\",\"itemListElement\":[{\"@type\":\"ListItem\",\"position\":1,\"name\":\"Portada\",\"item\":\"https:\\\/\\\/vrpelectric.com\\\/ca\\\/\"},{\"@type\":\"ListItem\",\"position\":2,\"name\":\"VRP ELECTRIC PATROCINA EL CIRCUIT PROVINCIAL DE TENIS DE CASTELL\u00d3\"}]},{\"@type\":\"WebSite\",\"@id\":\"https:\\\/\\\/vrpelectric.com\\\/ca\\\/#website\",\"url\":\"https:\\\/\\\/vrpelectric.com\\\/ca\\\/\",\"name\":\"VRP Electric\",\"description\":\"Tecnolog\u00eda El\u00e9ctrica\",\"potentialAction\":[{\"@type\":\"SearchAction\",\"target\":{\"@type\":\"EntryPoint\",\"urlTemplate\":\"https:\\\/\\\/vrpelectric.com\\\/ca\\\/?s={search_term_string}\"},\"query-input\":{\"@type\":\"PropertyValueSpecification\",\"valueRequired\":true,\"valueName\":\"search_term_string\"}}],\"inLanguage\":\"ca\"},{\"@type\":\"Person\",\"@id\":\"https:\\\/\\\/vrpelectric.com\\\/ca\\\/#\\\/schema\\\/person\\\/6e6a77a745512000574dc1698ff2fb51\",\"name\":\"admin\",\"image\":{\"@type\":\"ImageObject\",\"inLanguage\":\"ca\",\"@id\":\"https:\\\/\\\/secure.gravatar.com\\\/avatar\\\/fa01e1c104d302dfc4a054191c7e09a2186a1961a8d183e53696b0cbf664931a?s=96&d=mm&r=g\",\"url\":\"https:\\\/\\\/secure.gravatar.com\\\/avatar\\\/fa01e1c104d302dfc4a054191c7e09a2186a1961a8d183e53696b0cbf664931a?s=96&d=mm&r=g\",\"contentUrl\":\"https:\\\/\\\/secure.gravatar.com\\\/avatar\\\/fa01e1c104d302dfc4a054191c7e09a2186a1961a8d183e53696b0cbf664931a?s=96&d=mm&r=g\",\"caption\":\"admin\"},\"sameAs\":[\"http:\\\/\\\/vrpelectric.com:8008\"],\"url\":\"https:\\\/\\\/vrpelectric.com\\\/ca\\\/author\\\/admin\\\/\"}]}<\/script>\n<!-- \/ Yoast SEO plugin. -->","yoast_head_json":{"title":"VRP ELECTRIC PATROCINA EL CIRCUIT PROVINCIAL DE TENIS DE CASTELL\u00d3 - VRP Electric","description":"La Plana Sport Castell\u00f3 acollir\u00e0 el Circuit Provincial de Tenis de Castell\u00f3. Un emblem\u00e0tic esdeveniment que compta amb quatre d\u00e8cades de traject\u00f2ria.","robots":{"index":"index","follow":"follow","max-snippet":"max-snippet:-1","max-image-preview":"max-image-preview:large","max-video-preview":"max-video-preview:-1"},"canonical":"https:\/\/vrpelectric.com\/ca\/circuit-provincial-de-tenis-de-castello\/","og_locale":"ca_ES","og_type":"article","og_title":"VRP ELECTRIC PATROCINA EL CIRCUIT PROVINCIAL DE TENIS DE CASTELL\u00d3 - VRP Electric","og_description":"La Plana Sport Castell\u00f3 acollir\u00e0 el Circuit Provincial de Tenis de Castell\u00f3. Un emblem\u00e0tic esdeveniment que compta amb quatre d\u00e8cades de traject\u00f2ria.","og_url":"https:\/\/vrpelectric.com\/ca\/circuit-provincial-de-tenis-de-castello\/","og_site_name":"VRP Electric","article_published_time":"2024-07-03T09:37:43+00:00","article_modified_time":"2024-07-03T09:37:45+00:00","og_image":[{"width":1340,"height":1885,"url":"https:\/\/vrpelectric.com\/wp-content\/uploads\/2024\/07\/verano24.jpg","type":"image\/jpeg"}],"author":"admin","twitter_card":"summary_large_image","twitter_misc":{"Escrit per":"admin","Temps estimat de lectura":"2 minuts"},"schema":{"@context":"https:\/\/schema.org","@graph":[{"@type":"Article","@id":"https:\/\/vrpelectric.com\/ca\/circuit-provincial-de-tenis-de-castello\/#article","isPartOf":{"@id":"https:\/\/vrpelectric.com\/ca\/circuit-provincial-de-tenis-de-castello\/"},"author":{"name":"admin","@id":"https:\/\/vrpelectric.com\/ca\/#\/schema\/person\/6e6a77a745512000574dc1698ff2fb51"},"headline":"VRP ELECTRIC PATROCINA EL CIRCUIT PROVINCIAL DE TENIS DE CASTELL\u00d3","datePublished":"2024-07-03T09:37:43+00:00","dateModified":"2024-07-03T09:37:45+00:00","mainEntityOfPage":{"@id":"https:\/\/vrpelectric.com\/ca\/circuit-provincial-de-tenis-de-castello\/"},"wordCount":333,"commentCount":0,"image":{"@id":"https:\/\/vrpelectric.com\/ca\/circuit-provincial-de-tenis-de-castello\/#primaryimage"},"thumbnailUrl":"https:\/\/vrpelectric.com\/wp-content\/uploads\/2024\/07\/verano24.jpg","keywords":["Acad\u00e8mia Juan Carlos Ferrero","Circuit Provincial de Tenis de Castell\u00f3","Plana Sport Castell\u00f3","Vicent Ribera Plana"],"articleSection":["Not\u00edcies"],"inLanguage":"ca"},{"@type":"WebPage","@id":"https:\/\/vrpelectric.com\/ca\/circuit-provincial-de-tenis-de-castello\/","url":"https:\/\/vrpelectric.com\/ca\/circuit-provincial-de-tenis-de-castello\/","name":"VRP ELECTRIC PATROCINA EL CIRCUIT PROVINCIAL DE TENIS DE CASTELL\u00d3 - VRP Electric","isPartOf":{"@id":"https:\/\/vrpelectric.com\/ca\/#website"},"primaryImageOfPage":{"@id":"https:\/\/vrpelectric.com\/ca\/circuit-provincial-de-tenis-de-castello\/#primaryimage"},"image":{"@id":"https:\/\/vrpelectric.com\/ca\/circuit-provincial-de-tenis-de-castello\/#primaryimage"},"thumbnailUrl":"https:\/\/vrpelectric.com\/wp-content\/uploads\/2024\/07\/verano24.jpg","datePublished":"2024-07-03T09:37:43+00:00","dateModified":"2024-07-03T09:37:45+00:00","author":{"@id":"https:\/\/vrpelectric.com\/ca\/#\/schema\/person\/6e6a77a745512000574dc1698ff2fb51"},"description":"La Plana Sport Castell\u00f3 acollir\u00e0 el Circuit Provincial de Tenis de Castell\u00f3. Un emblem\u00e0tic esdeveniment que compta amb quatre d\u00e8cades de traject\u00f2ria.","breadcrumb":{"@id":"https:\/\/vrpelectric.com\/ca\/circuit-provincial-de-tenis-de-castello\/#breadcrumb"},"inLanguage":"ca","potentialAction":[{"@type":"ReadAction","target":["https:\/\/vrpelectric.com\/ca\/circuit-provincial-de-tenis-de-castello\/"]}]},{"@type":"ImageObject","inLanguage":"ca","@id":"https:\/\/vrpelectric.com\/ca\/circuit-provincial-de-tenis-de-castello\/#primaryimage","url":"https:\/\/vrpelectric.com\/wp-content\/uploads\/2024\/07\/verano24.jpg","contentUrl":"https:\/\/vrpelectric.com\/wp-content\/uploads\/2024\/07\/verano24.jpg","width":1340,"height":1885,"caption":"VRP Electric patrocinador del Circuito Provincial de Tenis de Castell\u00f3n"},{"@type":"BreadcrumbList","@id":"https:\/\/vrpelectric.com\/ca\/circuit-provincial-de-tenis-de-castello\/#breadcrumb","itemListElement":[{"@type":"ListItem","position":1,"name":"Portada","item":"https:\/\/vrpelectric.com\/ca\/"},{"@type":"ListItem","position":2,"name":"VRP ELECTRIC PATROCINA EL CIRCUIT PROVINCIAL DE TENIS DE CASTELL\u00d3"}]},{"@type":"WebSite","@id":"https:\/\/vrpelectric.com\/ca\/#website","url":"https:\/\/vrpelectric.com\/ca\/","name":"VRP Electric","description":"Tecnolog\u00eda El\u00e9ctrica","potentialAction":[{"@type":"SearchAction","target":{"@type":"EntryPoint","urlTemplate":"https:\/\/vrpelectric.com\/ca\/?s={search_term_string}"},"query-input":{"@type":"PropertyValueSpecification","valueRequired":true,"valueName":"search_term_string"}}],"inLanguage":"ca"},{"@type":"Person","@id":"https:\/\/vrpelectric.com\/ca\/#\/schema\/person\/6e6a77a745512000574dc1698ff2fb51","name":"admin","image":{"@type":"ImageObject","inLanguage":"ca","@id":"https:\/\/secure.gravatar.com\/avatar\/fa01e1c104d302dfc4a054191c7e09a2186a1961a8d183e53696b0cbf664931a?s=96&d=mm&r=g","url":"https:\/\/secure.gravatar.com\/avatar\/fa01e1c104d302dfc4a054191c7e09a2186a1961a8d183e53696b0cbf664931a?s=96&d=mm&r=g","contentUrl":"https:\/\/secure.gravatar.com\/avatar\/fa01e1c104d302dfc4a054191c7e09a2186a1961a8d183e53696b0cbf664931a?s=96&d=mm&r=g","caption":"admin"},"sameAs":["http:\/\/vrpelectric.com:8008"],"url":"https:\/\/vrpelectric.com\/ca\/author\/admin\/"}]}},"_links":{"self":[{"href":"https:\/\/vrpelectric.com\/ca\/wp-json\/wp\/v2\/posts\/6190","targetHints":{"allow":["GET"]}}],"collection":[{"href":"https:\/\/vrpelectric.com\/ca\/wp-json\/wp\/v2\/posts"}],"about":[{"href":"https:\/\/vrpelectric.com\/ca\/wp-json\/wp\/v2\/types\/post"}],"author":[{"embeddable":true,"href":"https:\/\/vrpelectric.com\/ca\/wp-json\/wp\/v2\/users\/1"}],"replies":[{"embeddable":true,"href":"https:\/\/vrpelectric.com\/ca\/wp-json\/wp\/v2\/comments?post=6190"}],"version-history":[{"count":1,"href":"https:\/\/vrpelectric.com\/ca\/wp-json\/wp\/v2\/posts\/6190\/revisions"}],"predecessor-version":[{"id":6192,"href":"https:\/\/vrpelectric.com\/ca\/wp-json\/wp\/v2\/posts\/6190\/revisions\/6192"}],"wp:featuredmedia":[{"embeddable":true,"href":"https:\/\/vrpelectric.com\/ca\/wp-json\/wp\/v2\/media\/6187"}],"wp:attachment":[{"href":"https:\/\/vrpelectric.com\/ca\/wp-json\/wp\/v2\/media?parent=6190"}],"wp:term":[{"taxonomy":"category","embeddable":true,"href":"https:\/\/vrpelectric.com\/ca\/wp-json\/wp\/v2\/categories?post=6190"},{"taxonomy":"post_tag","embeddable":true,"href":"https:\/\/vrpelectric.com\/ca\/wp-json\/wp\/v2\/tags?post=6190"}],"curies":[{"name":"wp","href":"https:\/\/api.w.org\/{rel}","templated":true}]}}