{"id":5832,"date":"2023-10-10T09:50:57","date_gmt":"2023-10-10T09:50:57","guid":{"rendered":"https:\/\/vrpelectric.com\/?p=5832"},"modified":"2023-10-24T11:29:09","modified_gmt":"2023-10-24T11:29:09","slug":"instal%c2%b7lacions-en-garatges-comunitaris","status":"publish","type":"post","link":"https:\/\/vrpelectric.com\/ca\/instal%c2%b7lacions-en-garatges-comunitaris\/","title":{"rendered":"INSTAL\u00b7LACIONS EN GARATGES COMUNITARIS"},"content":{"rendered":"\n<h2 class=\"wp-block-heading\">Punts de rec\u00e0rrega comunitaris per a cotxes el\u00e8ctrics<\/h2>\n\n\n\n<p>El primer dubte que sorgeix quan pensem a <strong>comprar un cotxe el\u00e8ctric<\/strong> \u00e9s saber on podrem recarregar-lo. Doncs b\u00e9, siguem o no propietaris de la pla\u00e7a de garatge en la qual pensem fer-ho, <strong>Iberdrola<\/strong> t&#8217;ho posa f\u00e0cil amb les seues <strong>instal\u00b7lacions en garatges comunitaris<\/strong>. El seu objectiu: que la rec\u00e0rrega no siga l&#8217;inconvenient que et separe d&#8217;adquirir un vehicle el\u00e8ctric.<\/p>\n\n\n\n<p><strong>Plaza en propietat en garatge comunitari<\/strong><\/p>\n\n\n\n<p>Aquesta \u00e9s la situaci\u00f3 m\u00e9s habitual. L&#8217;any 2009 la modificaci\u00f3 de la <strong>Llei de Propietat Horitzontal va eliminar la necessitat de sotmetre la instal\u00b7laci\u00f3 d&#8217;un punt de rec\u00e0rrega a l&#8217;aprovaci\u00f3 de la comunitat de propietaris<\/strong>. Per aix\u00f2, ara nom\u00e9s \u00e9s necessari informar per escrit a la comunitat de la intenci\u00f3 de realitzar aquesta instal\u00b7laci\u00f3 en la nostra pla\u00e7a de p\u00e0rquing. Aix\u00ed, el nostre carregador es connectar\u00e0 amb el comptador del nostre habitatge.<\/p>\n\n\n\n<p>Les instal\u00b7lacions poden ser de dos tipus:<\/p>\n\n\n\n<p><strong>Poden eixir del comptador de l&#8217;habitatge del client<\/strong><\/p>\n\n\n\n<p>Contractar un comptador exclusivament per al carregador (aix\u00f2 a vegades no \u00e9s possible sempre s&#8217;haur\u00e0 de veure cada cas en particular).<\/p>\n\n\n\n<p><strong>Plaza llogada en garatge comunitari<\/strong><\/p>\n\n\n\n<p>Quan la pla\u00e7a de garatge \u00e9s llogada tamb\u00e9 podem comptar amb una soluci\u00f3 Iberdrola. El primer, \u00e9s parlar amb el&nbsp;propietari de la pla\u00e7a perqu\u00e8 sol\u00b7licite els permisos pertinents. Iberdrola ofereix la possibilitat de fer una preinstal\u00b7laci\u00f3 de la mateixa manera que si f\u00f3rem propietaris. En aquest cas, al no ser els amos de la pla\u00e7a,&nbsp;haur\u00edem d&#8217;instal\u00b7lar un comptador propi per al subministrament. Si la pla\u00e7a llogada est\u00e0 en el mateix edifici que la teua casa, pots connectar-te al mateix comptador.<\/p>\n\n\n\n<p>Hui us presentem un treball recentment en el qual ja existia una safata comunit\u00e0ria per tot el garatge. Aix\u00f2 facilita molt l&#8217;execuci\u00f3 de la instal\u00b7laci\u00f3 ja que nom\u00e9s ha de traure&#8217;s el cablejat des del quadre de comptadors i portar-lo a l&#8217;eixida del p\u00e0rquing i anar seguint la safata fins a la pla\u00e7a corresponent.<\/p>\n\n\n\n<p>En aquest cas, les instal\u00b7lacions s&#8217;han dut a terme en m\u00e0nega de 3&#215;10 mm, en lloc de canonada de 10mm que es posa en aquelles instal\u00b7lacions que no tenen la safata preparada.<\/p>\n\n\n\n<p>En aquest garatge, s&#8217;han instal\u00b7lat dos <strong>tipus de carregador el\u00e8ctric<\/strong>:<\/p>\n\n\n\n<p><strong><a href=\"https:\/\/wallbox.com\/es_es\/comprar-pulsarplus\">Wallbox Pulsar Plus<\/a><\/strong> (en el cas de Mercedes i Audi aquest ve personalitzat amb els seus logos corresponents)<\/p>\n\n\n\n<p><strong><a href=\"https:\/\/wallbox.com\/es_es\/comprar-commander2\">Commander<\/a><\/strong> en el cas de *Volvo.<\/p>\n\n\n\n<p>Es pot contractar fins a un m\u00e0xim de 7,4Kw\/h en monof\u00e0sic i 22kW\/h en trif\u00e0sic. Aix\u00f2 dependr\u00e0 de la pot\u00e8ncia del vehicle carregat i els quil\u00f2metres efectuats di\u00e0riament pel client.<\/p>\n\n\n\n<p>Com veus, tenim solucions per a tots els casos aix\u00ed que, si est\u00e0s pensant a comprar-te un vehicle el\u00e8ctric, <a href=\"https:\/\/vrpelectric.com\/punto-de-recarga-de-coches-electricos\/\">consulta&#8217;ns <\/a>perqu\u00e8 som la millor opci\u00f3 del mercat per a instal\u00b7lar el teu punt de rec\u00e0rrega. Parlem?<\/p>\n","protected":false},"excerpt":{"rendered":"<p>Siguem o no propietaris de la pla\u00e7a on vulguem posar un punt de rec\u00e0rrega, Iberdrola te&#8217;l posa f\u00e0cil amb les seues instal\u00b7lacions en garatges comunitaris. <\/p>\n","protected":false},"author":1,"featured_media":5822,"comment_status":"open","ping_status":"open","sticky":false,"template":"","format":"standard","meta":{"footnotes":""},"categories":[354],"tags":[],"class_list":["post-5832","post","type-post","status-publish","format-standard","has-post-thumbnail","hentry","category-noticies"],"yoast_head":"<!-- This site is optimized with the Yoast SEO plugin v27.4 - https:\/\/yoast.com\/product\/yoast-seo-wordpress\/ -->\n<title>INSTAL\u00b7LACIONS EN GARATGES COMUNITARIS - VRP Electric<\/title>\n<meta name=\"description\" content=\"En VRP Electric s\u00f3m especialistes en la instal\u00b7laci\u00f3 en garatges comunitaris de punts de rec\u00e0rrega per a cotxes el\u00e8ctrics.\" \/>\n<meta name=\"robots\" content=\"index, follow, max-snippet:-1, max-image-preview:large, max-video-preview:-1\" \/>\n<link rel=\"canonical\" href=\"https:\/\/vrpelectric.com\/ca\/instal%c2%b7lacions-en-garatges-comunitaris\/\" \/>\n<meta property=\"og:locale\" content=\"ca_ES\" \/>\n<meta property=\"og:type\" content=\"article\" \/>\n<meta property=\"og:title\" content=\"INSTAL\u00b7LACIONS EN GARATGES COMUNITARIS - VRP Electric\" \/>\n<meta property=\"og:description\" content=\"En VRP Electric s\u00f3m especialistes en la instal\u00b7laci\u00f3 en garatges comunitaris de punts de rec\u00e0rrega per a cotxes el\u00e8ctrics.\" \/>\n<meta property=\"og:url\" content=\"https:\/\/vrpelectric.com\/ca\/instal%c2%b7lacions-en-garatges-comunitaris\/\" \/>\n<meta property=\"og:site_name\" content=\"VRP Electric\" \/>\n<meta property=\"article:published_time\" content=\"2023-10-10T09:50:57+00:00\" \/>\n<meta property=\"article:modified_time\" content=\"2023-10-24T11:29:09+00:00\" \/>\n<meta property=\"og:image\" content=\"https:\/\/vrpelectric.com\/wp-content\/uploads\/2023\/10\/IMG_1711-scaled.jpg\" \/>\n\t<meta property=\"og:image:width\" content=\"2560\" \/>\n\t<meta property=\"og:image:height\" content=\"1883\" \/>\n\t<meta property=\"og:image:type\" content=\"image\/jpeg\" \/>\n<meta name=\"author\" content=\"admin\" \/>\n<meta name=\"twitter:card\" content=\"summary_large_image\" \/>\n<meta name=\"twitter:label1\" content=\"Escrit per\" \/>\n\t<meta name=\"twitter:data1\" content=\"admin\" \/>\n\t<meta name=\"twitter:label2\" content=\"Temps estimat de lectura\" \/>\n\t<meta name=\"twitter:data2\" content=\"3 minuts\" \/>\n<script type=\"application\/ld+json\" class=\"yoast-schema-graph\">{\"@context\":\"https:\\\/\\\/schema.org\",\"@graph\":[{\"@type\":\"Article\",\"@id\":\"https:\\\/\\\/vrpelectric.com\\\/ca\\\/instal%c2%b7lacions-en-garatges-comunitaris\\\/#article\",\"isPartOf\":{\"@id\":\"https:\\\/\\\/vrpelectric.com\\\/ca\\\/instal%c2%b7lacions-en-garatges-comunitaris\\\/\"},\"author\":{\"name\":\"admin\",\"@id\":\"https:\\\/\\\/vrpelectric.com\\\/ca\\\/#\\\/schema\\\/person\\\/6e6a77a745512000574dc1698ff2fb51\"},\"headline\":\"INSTAL\u00b7LACIONS EN GARATGES COMUNITARIS\",\"datePublished\":\"2023-10-10T09:50:57+00:00\",\"dateModified\":\"2023-10-24T11:29:09+00:00\",\"mainEntityOfPage\":{\"@id\":\"https:\\\/\\\/vrpelectric.com\\\/ca\\\/instal%c2%b7lacions-en-garatges-comunitaris\\\/\"},\"wordCount\":523,\"commentCount\":0,\"image\":{\"@id\":\"https:\\\/\\\/vrpelectric.com\\\/ca\\\/instal%c2%b7lacions-en-garatges-comunitaris\\\/#primaryimage\"},\"thumbnailUrl\":\"https:\\\/\\\/vrpelectric.com\\\/wp-content\\\/uploads\\\/2023\\\/10\\\/IMG_1711-scaled.jpg\",\"articleSection\":[\"Not\u00edcies\"],\"inLanguage\":\"ca\"},{\"@type\":\"WebPage\",\"@id\":\"https:\\\/\\\/vrpelectric.com\\\/ca\\\/instal%c2%b7lacions-en-garatges-comunitaris\\\/\",\"url\":\"https:\\\/\\\/vrpelectric.com\\\/ca\\\/instal%c2%b7lacions-en-garatges-comunitaris\\\/\",\"name\":\"INSTAL\u00b7LACIONS EN GARATGES COMUNITARIS - VRP Electric\",\"isPartOf\":{\"@id\":\"https:\\\/\\\/vrpelectric.com\\\/ca\\\/#website\"},\"primaryImageOfPage\":{\"@id\":\"https:\\\/\\\/vrpelectric.com\\\/ca\\\/instal%c2%b7lacions-en-garatges-comunitaris\\\/#primaryimage\"},\"image\":{\"@id\":\"https:\\\/\\\/vrpelectric.com\\\/ca\\\/instal%c2%b7lacions-en-garatges-comunitaris\\\/#primaryimage\"},\"thumbnailUrl\":\"https:\\\/\\\/vrpelectric.com\\\/wp-content\\\/uploads\\\/2023\\\/10\\\/IMG_1711-scaled.jpg\",\"datePublished\":\"2023-10-10T09:50:57+00:00\",\"dateModified\":\"2023-10-24T11:29:09+00:00\",\"author\":{\"@id\":\"https:\\\/\\\/vrpelectric.com\\\/ca\\\/#\\\/schema\\\/person\\\/6e6a77a745512000574dc1698ff2fb51\"},\"description\":\"En VRP Electric s\u00f3m especialistes en la instal\u00b7laci\u00f3 en garatges comunitaris de punts de rec\u00e0rrega per a cotxes el\u00e8ctrics.\",\"breadcrumb\":{\"@id\":\"https:\\\/\\\/vrpelectric.com\\\/ca\\\/instal%c2%b7lacions-en-garatges-comunitaris\\\/#breadcrumb\"},\"inLanguage\":\"ca\",\"potentialAction\":[{\"@type\":\"ReadAction\",\"target\":[\"https:\\\/\\\/vrpelectric.com\\\/ca\\\/instal%c2%b7lacions-en-garatges-comunitaris\\\/\"]}]},{\"@type\":\"ImageObject\",\"inLanguage\":\"ca\",\"@id\":\"https:\\\/\\\/vrpelectric.com\\\/ca\\\/instal%c2%b7lacions-en-garatges-comunitaris\\\/#primaryimage\",\"url\":\"https:\\\/\\\/vrpelectric.com\\\/wp-content\\\/uploads\\\/2023\\\/10\\\/IMG_1711-scaled.jpg\",\"contentUrl\":\"https:\\\/\\\/vrpelectric.com\\\/wp-content\\\/uploads\\\/2023\\\/10\\\/IMG_1711-scaled.jpg\",\"width\":2560,\"height\":1883,\"caption\":\"Instal\u00b7lacions en garatges comunitaris\"},{\"@type\":\"BreadcrumbList\",\"@id\":\"https:\\\/\\\/vrpelectric.com\\\/ca\\\/instal%c2%b7lacions-en-garatges-comunitaris\\\/#breadcrumb\",\"itemListElement\":[{\"@type\":\"ListItem\",\"position\":1,\"name\":\"Portada\",\"item\":\"https:\\\/\\\/vrpelectric.com\\\/ca\\\/\"},{\"@type\":\"ListItem\",\"position\":2,\"name\":\"INSTAL\u00b7LACIONS EN GARATGES COMUNITARIS\"}]},{\"@type\":\"WebSite\",\"@id\":\"https:\\\/\\\/vrpelectric.com\\\/ca\\\/#website\",\"url\":\"https:\\\/\\\/vrpelectric.com\\\/ca\\\/\",\"name\":\"VRP Electric\",\"description\":\"Tecnolog\u00eda El\u00e9ctrica\",\"potentialAction\":[{\"@type\":\"SearchAction\",\"target\":{\"@type\":\"EntryPoint\",\"urlTemplate\":\"https:\\\/\\\/vrpelectric.com\\\/ca\\\/?s={search_term_string}\"},\"query-input\":{\"@type\":\"PropertyValueSpecification\",\"valueRequired\":true,\"valueName\":\"search_term_string\"}}],\"inLanguage\":\"ca\"},{\"@type\":\"Person\",\"@id\":\"https:\\\/\\\/vrpelectric.com\\\/ca\\\/#\\\/schema\\\/person\\\/6e6a77a745512000574dc1698ff2fb51\",\"name\":\"admin\",\"image\":{\"@type\":\"ImageObject\",\"inLanguage\":\"ca\",\"@id\":\"https:\\\/\\\/secure.gravatar.com\\\/avatar\\\/fa01e1c104d302dfc4a054191c7e09a2186a1961a8d183e53696b0cbf664931a?s=96&d=mm&r=g\",\"url\":\"https:\\\/\\\/secure.gravatar.com\\\/avatar\\\/fa01e1c104d302dfc4a054191c7e09a2186a1961a8d183e53696b0cbf664931a?s=96&d=mm&r=g\",\"contentUrl\":\"https:\\\/\\\/secure.gravatar.com\\\/avatar\\\/fa01e1c104d302dfc4a054191c7e09a2186a1961a8d183e53696b0cbf664931a?s=96&d=mm&r=g\",\"caption\":\"admin\"},\"sameAs\":[\"http:\\\/\\\/vrpelectric.com:8008\"],\"url\":\"https:\\\/\\\/vrpelectric.com\\\/ca\\\/author\\\/admin\\\/\"}]}<\/script>\n<!-- \/ Yoast SEO plugin. -->","yoast_head_json":{"title":"INSTAL\u00b7LACIONS EN GARATGES COMUNITARIS - VRP Electric","description":"En VRP Electric s\u00f3m especialistes en la instal\u00b7laci\u00f3 en garatges comunitaris de punts de rec\u00e0rrega per a cotxes el\u00e8ctrics.","robots":{"index":"index","follow":"follow","max-snippet":"max-snippet:-1","max-image-preview":"max-image-preview:large","max-video-preview":"max-video-preview:-1"},"canonical":"https:\/\/vrpelectric.com\/ca\/instal%c2%b7lacions-en-garatges-comunitaris\/","og_locale":"ca_ES","og_type":"article","og_title":"INSTAL\u00b7LACIONS EN GARATGES COMUNITARIS - VRP Electric","og_description":"En VRP Electric s\u00f3m especialistes en la instal\u00b7laci\u00f3 en garatges comunitaris de punts de rec\u00e0rrega per a cotxes el\u00e8ctrics.","og_url":"https:\/\/vrpelectric.com\/ca\/instal%c2%b7lacions-en-garatges-comunitaris\/","og_site_name":"VRP Electric","article_published_time":"2023-10-10T09:50:57+00:00","article_modified_time":"2023-10-24T11:29:09+00:00","og_image":[{"width":2560,"height":1883,"url":"https:\/\/vrpelectric.com\/wp-content\/uploads\/2023\/10\/IMG_1711-scaled.jpg","type":"image\/jpeg"}],"author":"admin","twitter_card":"summary_large_image","twitter_misc":{"Escrit per":"admin","Temps estimat de lectura":"3 minuts"},"schema":{"@context":"https:\/\/schema.org","@graph":[{"@type":"Article","@id":"https:\/\/vrpelectric.com\/ca\/instal%c2%b7lacions-en-garatges-comunitaris\/#article","isPartOf":{"@id":"https:\/\/vrpelectric.com\/ca\/instal%c2%b7lacions-en-garatges-comunitaris\/"},"author":{"name":"admin","@id":"https:\/\/vrpelectric.com\/ca\/#\/schema\/person\/6e6a77a745512000574dc1698ff2fb51"},"headline":"INSTAL\u00b7LACIONS EN GARATGES COMUNITARIS","datePublished":"2023-10-10T09:50:57+00:00","dateModified":"2023-10-24T11:29:09+00:00","mainEntityOfPage":{"@id":"https:\/\/vrpelectric.com\/ca\/instal%c2%b7lacions-en-garatges-comunitaris\/"},"wordCount":523,"commentCount":0,"image":{"@id":"https:\/\/vrpelectric.com\/ca\/instal%c2%b7lacions-en-garatges-comunitaris\/#primaryimage"},"thumbnailUrl":"https:\/\/vrpelectric.com\/wp-content\/uploads\/2023\/10\/IMG_1711-scaled.jpg","articleSection":["Not\u00edcies"],"inLanguage":"ca"},{"@type":"WebPage","@id":"https:\/\/vrpelectric.com\/ca\/instal%c2%b7lacions-en-garatges-comunitaris\/","url":"https:\/\/vrpelectric.com\/ca\/instal%c2%b7lacions-en-garatges-comunitaris\/","name":"INSTAL\u00b7LACIONS EN GARATGES COMUNITARIS - VRP Electric","isPartOf":{"@id":"https:\/\/vrpelectric.com\/ca\/#website"},"primaryImageOfPage":{"@id":"https:\/\/vrpelectric.com\/ca\/instal%c2%b7lacions-en-garatges-comunitaris\/#primaryimage"},"image":{"@id":"https:\/\/vrpelectric.com\/ca\/instal%c2%b7lacions-en-garatges-comunitaris\/#primaryimage"},"thumbnailUrl":"https:\/\/vrpelectric.com\/wp-content\/uploads\/2023\/10\/IMG_1711-scaled.jpg","datePublished":"2023-10-10T09:50:57+00:00","dateModified":"2023-10-24T11:29:09+00:00","author":{"@id":"https:\/\/vrpelectric.com\/ca\/#\/schema\/person\/6e6a77a745512000574dc1698ff2fb51"},"description":"En VRP Electric s\u00f3m especialistes en la instal\u00b7laci\u00f3 en garatges comunitaris de punts de rec\u00e0rrega per a cotxes el\u00e8ctrics.","breadcrumb":{"@id":"https:\/\/vrpelectric.com\/ca\/instal%c2%b7lacions-en-garatges-comunitaris\/#breadcrumb"},"inLanguage":"ca","potentialAction":[{"@type":"ReadAction","target":["https:\/\/vrpelectric.com\/ca\/instal%c2%b7lacions-en-garatges-comunitaris\/"]}]},{"@type":"ImageObject","inLanguage":"ca","@id":"https:\/\/vrpelectric.com\/ca\/instal%c2%b7lacions-en-garatges-comunitaris\/#primaryimage","url":"https:\/\/vrpelectric.com\/wp-content\/uploads\/2023\/10\/IMG_1711-scaled.jpg","contentUrl":"https:\/\/vrpelectric.com\/wp-content\/uploads\/2023\/10\/IMG_1711-scaled.jpg","width":2560,"height":1883,"caption":"Instal\u00b7lacions en garatges comunitaris"},{"@type":"BreadcrumbList","@id":"https:\/\/vrpelectric.com\/ca\/instal%c2%b7lacions-en-garatges-comunitaris\/#breadcrumb","itemListElement":[{"@type":"ListItem","position":1,"name":"Portada","item":"https:\/\/vrpelectric.com\/ca\/"},{"@type":"ListItem","position":2,"name":"INSTAL\u00b7LACIONS EN GARATGES COMUNITARIS"}]},{"@type":"WebSite","@id":"https:\/\/vrpelectric.com\/ca\/#website","url":"https:\/\/vrpelectric.com\/ca\/","name":"VRP Electric","description":"Tecnolog\u00eda El\u00e9ctrica","potentialAction":[{"@type":"SearchAction","target":{"@type":"EntryPoint","urlTemplate":"https:\/\/vrpelectric.com\/ca\/?s={search_term_string}"},"query-input":{"@type":"PropertyValueSpecification","valueRequired":true,"valueName":"search_term_string"}}],"inLanguage":"ca"},{"@type":"Person","@id":"https:\/\/vrpelectric.com\/ca\/#\/schema\/person\/6e6a77a745512000574dc1698ff2fb51","name":"admin","image":{"@type":"ImageObject","inLanguage":"ca","@id":"https:\/\/secure.gravatar.com\/avatar\/fa01e1c104d302dfc4a054191c7e09a2186a1961a8d183e53696b0cbf664931a?s=96&d=mm&r=g","url":"https:\/\/secure.gravatar.com\/avatar\/fa01e1c104d302dfc4a054191c7e09a2186a1961a8d183e53696b0cbf664931a?s=96&d=mm&r=g","contentUrl":"https:\/\/secure.gravatar.com\/avatar\/fa01e1c104d302dfc4a054191c7e09a2186a1961a8d183e53696b0cbf664931a?s=96&d=mm&r=g","caption":"admin"},"sameAs":["http:\/\/vrpelectric.com:8008"],"url":"https:\/\/vrpelectric.com\/ca\/author\/admin\/"}]}},"_links":{"self":[{"href":"https:\/\/vrpelectric.com\/ca\/wp-json\/wp\/v2\/posts\/5832","targetHints":{"allow":["GET"]}}],"collection":[{"href":"https:\/\/vrpelectric.com\/ca\/wp-json\/wp\/v2\/posts"}],"about":[{"href":"https:\/\/vrpelectric.com\/ca\/wp-json\/wp\/v2\/types\/post"}],"author":[{"embeddable":true,"href":"https:\/\/vrpelectric.com\/ca\/wp-json\/wp\/v2\/users\/1"}],"replies":[{"embeddable":true,"href":"https:\/\/vrpelectric.com\/ca\/wp-json\/wp\/v2\/comments?post=5832"}],"version-history":[{"count":1,"href":"https:\/\/vrpelectric.com\/ca\/wp-json\/wp\/v2\/posts\/5832\/revisions"}],"predecessor-version":[{"id":5833,"href":"https:\/\/vrpelectric.com\/ca\/wp-json\/wp\/v2\/posts\/5832\/revisions\/5833"}],"wp:featuredmedia":[{"embeddable":true,"href":"https:\/\/vrpelectric.com\/ca\/wp-json\/wp\/v2\/media\/5822"}],"wp:attachment":[{"href":"https:\/\/vrpelectric.com\/ca\/wp-json\/wp\/v2\/media?parent=5832"}],"wp:term":[{"taxonomy":"category","embeddable":true,"href":"https:\/\/vrpelectric.com\/ca\/wp-json\/wp\/v2\/categories?post=5832"},{"taxonomy":"post_tag","embeddable":true,"href":"https:\/\/vrpelectric.com\/ca\/wp-json\/wp\/v2\/tags?post=5832"}],"curies":[{"name":"wp","href":"https:\/\/api.w.org\/{rel}","templated":true}]}}