{"id":5807,"date":"2023-10-02T10:45:07","date_gmt":"2023-10-02T10:45:07","guid":{"rendered":"https:\/\/vrpelectric.com\/?p=5807"},"modified":"2023-10-02T11:12:03","modified_gmt":"2023-10-02T11:12:03","slug":"les-ciutats-mes-intel%c2%b7ligents-del-mon","status":"publish","type":"post","link":"https:\/\/vrpelectric.com\/ca\/les-ciutats-mes-intel%c2%b7ligents-del-mon\/","title":{"rendered":"LES CIUTATS M\u00c9S INTEL\u00b7LIGENTS DEL M\u00d3N"},"content":{"rendered":"\n<h2 class=\"wp-block-heading\">El big data i les fonts d&#8217;energies renovables s&#8217;alien<\/h2>\n\n\n\n<p>El m\u00f3n s&#8217;encamina cap a escenaris intel\u00b7ligents en tots els seus \u00e0mbits. Si fa anys l&#8217;automatitzaci\u00f3 de sistemes s&#8217;aplicava \u00fanicament a televisors, tel\u00e8fons m\u00f2bils i alguns pocs edificis, ara la intel\u00b7lig\u00e8ncia artificial i el <strong>big data<\/strong> s&#8217;alien amb <strong>fonts d&#8217;energies renovables en grans ciutats<\/strong>. D&#8217;aquesta manera, es cuida el medi ambient i s&#8217;optimitzen recursos. Continua llegint i descobreix quines s\u00f3n les ciutats m\u00e9s intel\u00b7ligents del m\u00f3n.<\/p>\n\n\n\n<p><strong>Zurich <\/strong><\/p>\n\n\n\n<p>Els seus fanals intel\u00b7ligents, <strong>Smart City Tower<\/strong>, nom\u00e9s s&#8217;il\u00b7luminen quan \u00e9s necessari, subministren energia als cotxes el\u00e8ctrics, mesuren el tr\u00e0nsit, actuen com a antena de wifi p\u00fablica i recopilen dades mediambientals. Amb aquest projecte, les autoritats de la ciutat alemanya estimen que han estalviat un 70% d&#8217;energia. De manera similar, s&#8217;han redu\u00eft efica\u00e7ment les emissions de CO2 a trav\u00e9s de sistemes de gesti\u00f3 intel\u00b7ligent interconnectats de calefacci\u00f3, electricitat i refrigeraci\u00f3.<\/p>\n\n\n\n<p><strong>Nova York<\/strong><\/p>\n\n\n\n<p>La ciutat que mai dorm est\u00e0 equipada amb gran quantitat de <strong>plantes d&#8217;energia fotovoltaica i e\u00f2lica<\/strong>. De fet, una quarta part d&#8217;aquesta energia ja \u00e9s renovable i s&#8217;ha marcat l&#8217;objectiu d&#8217;incrementar aquest n\u00famero fins al 70% en 2030. Compta amb un programa anomenat <strong>Smart City<\/strong> per a la gesti\u00f3 eficient de serveis com la recol\u00b7lecci\u00f3 de desfets o les xarxes de cotxes compartits.<\/p>\n\n\n\n<p><strong>Oslo<\/strong><\/p>\n\n\n\n<p>Sense lloc a dubte, estem davant el parad\u00eds dels <strong>cotxes el\u00e8ctrics<\/strong>. Nom\u00e9s en el 2014, i d&#8217;aix\u00f2 fa quasi una d\u00e8cada, es van instal\u00b7lar 900 punts de rec\u00e0rrega i en 2019 un ter\u00e7 dels seus autom\u00f2bils eren 100% el\u00e8ctrics. Una xifra que ha anat en augment gr\u00e0cies a les exempcions fiscals i la implantaci\u00f3 de peatges. El seu objectiu per al 2050, tindre la medalla de \u201ccarboni neutral\u201d, apostant per l&#8217;energia verda per als seus edificis, xarxes intel\u00b7ligents i reciclatge de residus.<\/p>\n\n\n\n<p><strong>Singapur<\/strong><\/p>\n\n\n\n<p>Compta amb projectes tan pioners com la Smart Nation que permet extraure dades per a dirigir de manera eficient la mobilitat. La seua l\u00ednia Circle ha sigut premiada per reutilitzar, per exemple, l&#8217;energia que produeix un tren frenat per a encendre un altre comboi.<\/p>\n\n\n\n<p>Se\u00fcl<\/p>\n\n\n\n<p>Des de 2019 compten amb el pla <strong>Solar City Seul<\/strong> que implementa l&#8217;energia fotovoltaica en les teulades d&#8217;un mili\u00f3 de llars i en tots els edificis p\u00fablics. Analitzen el flux del tr\u00e0nsit, la velocitat i la qualitat de l&#8217;aire mitjan\u00e7ant sensors i circuits tancats de televisi\u00f3. De tal manera, per al 2030, les autoritats tenen previst cobrir el 20% del seu consum total d&#8217;electricitat amb renovables.<\/p>\n\n\n\n<p><strong><a href=\"https:\/\/www.citego.org\/bdf_fiche-document-2430_es.html\">Amsterdam<\/a><\/strong><\/p>\n\n\n\n<p>Des de 2009 a Amsterdam s&#8217;han escom\u00e9s m\u00e9s de 170 intervencions encaminades a situar-se en l&#8217;avantguarda de les ciutats intel\u00b7ligents. Entre elles, l&#8217;\u00fas de camions de fem el\u00e8ctrics o la instal\u00b7laci\u00f3 de llumin\u00e0ria solar en parades d&#8217;autob\u00fas i tanques publicit\u00e0ries. Com a resultat, Amsterdam es considerada una de les ciutats m\u00e9s intel\u00b7ligents del m\u00f3n. <\/p>\n","protected":false},"excerpt":{"rendered":"<p>A les ciutats m\u00e9s intel\u00b7ligents del m\u00f3n, la intel\u00b7lig\u00e8ncia artificial i el big data s&#8217;alien amb les fonts d&#8217;energia renovables. <\/p>\n","protected":false},"author":1,"featured_media":5682,"comment_status":"open","ping_status":"open","sticky":false,"template":"","format":"standard","meta":{"footnotes":""},"categories":[1],"tags":[351,392,382,385,388,391,390,353],"class_list":["post-5807","post","type-post","status-publish","format-standard","has-post-thumbnail","hentry","category-sin-categorizar","tag-big-data","tag-ciutats-intelligents","tag-ciutats-mes-intelligents-del-mon","tag-cotxes-electrics","tag-fonts-denergies-renovables","tag-mobilitat","tag-plantes-denergia-fotovoltaica","tag-smart-city"],"yoast_head":"<!-- This site is optimized with the Yoast SEO plugin v27.4 - https:\/\/yoast.com\/product\/yoast-seo-wordpress\/ -->\n<title>LES CIUTATS M\u00c9S INTEL\u00b7LIGENTS DEL M\u00d3N - VRP Electric<\/title>\n<meta name=\"robots\" content=\"index, follow, max-snippet:-1, max-image-preview:large, max-video-preview:-1\" \/>\n<link rel=\"canonical\" href=\"https:\/\/vrpelectric.com\/ca\/les-ciutats-mes-intel%c2%b7ligents-del-mon\/\" \/>\n<meta property=\"og:locale\" content=\"ca_ES\" \/>\n<meta property=\"og:type\" content=\"article\" \/>\n<meta property=\"og:title\" content=\"LES CIUTATS M\u00c9S INTEL\u00b7LIGENTS DEL M\u00d3N - VRP Electric\" \/>\n<meta property=\"og:description\" content=\"A les ciutats m\u00e9s intel\u00b7ligents del m\u00f3n, la intel\u00b7lig\u00e8ncia artificial i el big data s&#039;alien amb les fonts d&#039;energia renovables.\" \/>\n<meta property=\"og:url\" content=\"https:\/\/vrpelectric.com\/ca\/les-ciutats-mes-intel%c2%b7ligents-del-mon\/\" \/>\n<meta property=\"og:site_name\" content=\"VRP Electric\" \/>\n<meta property=\"article:published_time\" content=\"2023-10-02T10:45:07+00:00\" \/>\n<meta property=\"article:modified_time\" content=\"2023-10-02T11:12:03+00:00\" \/>\n<meta property=\"og:image\" content=\"https:\/\/vrpelectric.com\/wp-content\/uploads\/2023\/09\/amsterdam-4693608_1280.jpg\" \/>\n\t<meta property=\"og:image:width\" content=\"1280\" \/>\n\t<meta property=\"og:image:height\" content=\"853\" \/>\n\t<meta property=\"og:image:type\" content=\"image\/jpeg\" \/>\n<meta name=\"author\" content=\"admin\" \/>\n<meta name=\"twitter:card\" content=\"summary_large_image\" \/>\n<meta name=\"twitter:label1\" content=\"Escrit per\" \/>\n\t<meta name=\"twitter:data1\" content=\"admin\" \/>\n\t<meta name=\"twitter:label2\" content=\"Temps estimat de lectura\" \/>\n\t<meta name=\"twitter:data2\" content=\"2 minuts\" \/>\n<script type=\"application\/ld+json\" class=\"yoast-schema-graph\">{\"@context\":\"https:\\\/\\\/schema.org\",\"@graph\":[{\"@type\":\"Article\",\"@id\":\"https:\\\/\\\/vrpelectric.com\\\/ca\\\/les-ciutats-mes-intel%c2%b7ligents-del-mon\\\/#article\",\"isPartOf\":{\"@id\":\"https:\\\/\\\/vrpelectric.com\\\/ca\\\/les-ciutats-mes-intel%c2%b7ligents-del-mon\\\/\"},\"author\":{\"name\":\"admin\",\"@id\":\"https:\\\/\\\/vrpelectric.com\\\/ca\\\/#\\\/schema\\\/person\\\/6e6a77a745512000574dc1698ff2fb51\"},\"headline\":\"LES CIUTATS M\u00c9S INTEL\u00b7LIGENTS DEL M\u00d3N\",\"datePublished\":\"2023-10-02T10:45:07+00:00\",\"dateModified\":\"2023-10-02T11:12:03+00:00\",\"mainEntityOfPage\":{\"@id\":\"https:\\\/\\\/vrpelectric.com\\\/ca\\\/les-ciutats-mes-intel%c2%b7ligents-del-mon\\\/\"},\"wordCount\":534,\"commentCount\":0,\"image\":{\"@id\":\"https:\\\/\\\/vrpelectric.com\\\/ca\\\/les-ciutats-mes-intel%c2%b7ligents-del-mon\\\/#primaryimage\"},\"thumbnailUrl\":\"https:\\\/\\\/vrpelectric.com\\\/wp-content\\\/uploads\\\/2023\\\/09\\\/amsterdam-4693608_1280.jpg\",\"keywords\":[\"big data\",\"ciutats intel\u00b7ligents\",\"ciutats m\u00e9s intel\u00b7ligents del m\u00f3n\",\"cotxes el\u00e8ctrics\",\"fonts d'energies renovables\",\"mobilitat\",\"plantes d'energia fotovoltaica\",\"smart city\"],\"articleSection\":[\"Sin categorizar\"],\"inLanguage\":\"ca\"},{\"@type\":\"WebPage\",\"@id\":\"https:\\\/\\\/vrpelectric.com\\\/ca\\\/les-ciutats-mes-intel%c2%b7ligents-del-mon\\\/\",\"url\":\"https:\\\/\\\/vrpelectric.com\\\/ca\\\/les-ciutats-mes-intel%c2%b7ligents-del-mon\\\/\",\"name\":\"LES CIUTATS M\u00c9S INTEL\u00b7LIGENTS DEL M\u00d3N - VRP Electric\",\"isPartOf\":{\"@id\":\"https:\\\/\\\/vrpelectric.com\\\/ca\\\/#website\"},\"primaryImageOfPage\":{\"@id\":\"https:\\\/\\\/vrpelectric.com\\\/ca\\\/les-ciutats-mes-intel%c2%b7ligents-del-mon\\\/#primaryimage\"},\"image\":{\"@id\":\"https:\\\/\\\/vrpelectric.com\\\/ca\\\/les-ciutats-mes-intel%c2%b7ligents-del-mon\\\/#primaryimage\"},\"thumbnailUrl\":\"https:\\\/\\\/vrpelectric.com\\\/wp-content\\\/uploads\\\/2023\\\/09\\\/amsterdam-4693608_1280.jpg\",\"datePublished\":\"2023-10-02T10:45:07+00:00\",\"dateModified\":\"2023-10-02T11:12:03+00:00\",\"author\":{\"@id\":\"https:\\\/\\\/vrpelectric.com\\\/ca\\\/#\\\/schema\\\/person\\\/6e6a77a745512000574dc1698ff2fb51\"},\"breadcrumb\":{\"@id\":\"https:\\\/\\\/vrpelectric.com\\\/ca\\\/les-ciutats-mes-intel%c2%b7ligents-del-mon\\\/#breadcrumb\"},\"inLanguage\":\"ca\",\"potentialAction\":[{\"@type\":\"ReadAction\",\"target\":[\"https:\\\/\\\/vrpelectric.com\\\/ca\\\/les-ciutats-mes-intel%c2%b7ligents-del-mon\\\/\"]}]},{\"@type\":\"ImageObject\",\"inLanguage\":\"ca\",\"@id\":\"https:\\\/\\\/vrpelectric.com\\\/ca\\\/les-ciutats-mes-intel%c2%b7ligents-del-mon\\\/#primaryimage\",\"url\":\"https:\\\/\\\/vrpelectric.com\\\/wp-content\\\/uploads\\\/2023\\\/09\\\/amsterdam-4693608_1280.jpg\",\"contentUrl\":\"https:\\\/\\\/vrpelectric.com\\\/wp-content\\\/uploads\\\/2023\\\/09\\\/amsterdam-4693608_1280.jpg\",\"width\":1280,\"height\":853,\"caption\":\"Les ciutats m\u00e9s intel\u00b7ligents del m\u00f3n\"},{\"@type\":\"BreadcrumbList\",\"@id\":\"https:\\\/\\\/vrpelectric.com\\\/ca\\\/les-ciutats-mes-intel%c2%b7ligents-del-mon\\\/#breadcrumb\",\"itemListElement\":[{\"@type\":\"ListItem\",\"position\":1,\"name\":\"Portada\",\"item\":\"https:\\\/\\\/vrpelectric.com\\\/ca\\\/\"},{\"@type\":\"ListItem\",\"position\":2,\"name\":\"LES CIUTATS M\u00c9S INTEL\u00b7LIGENTS DEL M\u00d3N\"}]},{\"@type\":\"WebSite\",\"@id\":\"https:\\\/\\\/vrpelectric.com\\\/ca\\\/#website\",\"url\":\"https:\\\/\\\/vrpelectric.com\\\/ca\\\/\",\"name\":\"VRP Electric\",\"description\":\"Tecnolog\u00eda El\u00e9ctrica\",\"potentialAction\":[{\"@type\":\"SearchAction\",\"target\":{\"@type\":\"EntryPoint\",\"urlTemplate\":\"https:\\\/\\\/vrpelectric.com\\\/ca\\\/?s={search_term_string}\"},\"query-input\":{\"@type\":\"PropertyValueSpecification\",\"valueRequired\":true,\"valueName\":\"search_term_string\"}}],\"inLanguage\":\"ca\"},{\"@type\":\"Person\",\"@id\":\"https:\\\/\\\/vrpelectric.com\\\/ca\\\/#\\\/schema\\\/person\\\/6e6a77a745512000574dc1698ff2fb51\",\"name\":\"admin\",\"image\":{\"@type\":\"ImageObject\",\"inLanguage\":\"ca\",\"@id\":\"https:\\\/\\\/secure.gravatar.com\\\/avatar\\\/fa01e1c104d302dfc4a054191c7e09a2186a1961a8d183e53696b0cbf664931a?s=96&d=mm&r=g\",\"url\":\"https:\\\/\\\/secure.gravatar.com\\\/avatar\\\/fa01e1c104d302dfc4a054191c7e09a2186a1961a8d183e53696b0cbf664931a?s=96&d=mm&r=g\",\"contentUrl\":\"https:\\\/\\\/secure.gravatar.com\\\/avatar\\\/fa01e1c104d302dfc4a054191c7e09a2186a1961a8d183e53696b0cbf664931a?s=96&d=mm&r=g\",\"caption\":\"admin\"},\"sameAs\":[\"http:\\\/\\\/vrpelectric.com:8008\"],\"url\":\"https:\\\/\\\/vrpelectric.com\\\/ca\\\/author\\\/admin\\\/\"}]}<\/script>\n<!-- \/ Yoast SEO plugin. -->","yoast_head_json":{"title":"LES CIUTATS M\u00c9S INTEL\u00b7LIGENTS DEL M\u00d3N - VRP Electric","robots":{"index":"index","follow":"follow","max-snippet":"max-snippet:-1","max-image-preview":"max-image-preview:large","max-video-preview":"max-video-preview:-1"},"canonical":"https:\/\/vrpelectric.com\/ca\/les-ciutats-mes-intel%c2%b7ligents-del-mon\/","og_locale":"ca_ES","og_type":"article","og_title":"LES CIUTATS M\u00c9S INTEL\u00b7LIGENTS DEL M\u00d3N - VRP Electric","og_description":"A les ciutats m\u00e9s intel\u00b7ligents del m\u00f3n, la intel\u00b7lig\u00e8ncia artificial i el big data s'alien amb les fonts d'energia renovables.","og_url":"https:\/\/vrpelectric.com\/ca\/les-ciutats-mes-intel%c2%b7ligents-del-mon\/","og_site_name":"VRP Electric","article_published_time":"2023-10-02T10:45:07+00:00","article_modified_time":"2023-10-02T11:12:03+00:00","og_image":[{"width":1280,"height":853,"url":"https:\/\/vrpelectric.com\/wp-content\/uploads\/2023\/09\/amsterdam-4693608_1280.jpg","type":"image\/jpeg"}],"author":"admin","twitter_card":"summary_large_image","twitter_misc":{"Escrit per":"admin","Temps estimat de lectura":"2 minuts"},"schema":{"@context":"https:\/\/schema.org","@graph":[{"@type":"Article","@id":"https:\/\/vrpelectric.com\/ca\/les-ciutats-mes-intel%c2%b7ligents-del-mon\/#article","isPartOf":{"@id":"https:\/\/vrpelectric.com\/ca\/les-ciutats-mes-intel%c2%b7ligents-del-mon\/"},"author":{"name":"admin","@id":"https:\/\/vrpelectric.com\/ca\/#\/schema\/person\/6e6a77a745512000574dc1698ff2fb51"},"headline":"LES CIUTATS M\u00c9S INTEL\u00b7LIGENTS DEL M\u00d3N","datePublished":"2023-10-02T10:45:07+00:00","dateModified":"2023-10-02T11:12:03+00:00","mainEntityOfPage":{"@id":"https:\/\/vrpelectric.com\/ca\/les-ciutats-mes-intel%c2%b7ligents-del-mon\/"},"wordCount":534,"commentCount":0,"image":{"@id":"https:\/\/vrpelectric.com\/ca\/les-ciutats-mes-intel%c2%b7ligents-del-mon\/#primaryimage"},"thumbnailUrl":"https:\/\/vrpelectric.com\/wp-content\/uploads\/2023\/09\/amsterdam-4693608_1280.jpg","keywords":["big data","ciutats intel\u00b7ligents","ciutats m\u00e9s intel\u00b7ligents del m\u00f3n","cotxes el\u00e8ctrics","fonts d'energies renovables","mobilitat","plantes d'energia fotovoltaica","smart city"],"articleSection":["Sin categorizar"],"inLanguage":"ca"},{"@type":"WebPage","@id":"https:\/\/vrpelectric.com\/ca\/les-ciutats-mes-intel%c2%b7ligents-del-mon\/","url":"https:\/\/vrpelectric.com\/ca\/les-ciutats-mes-intel%c2%b7ligents-del-mon\/","name":"LES CIUTATS M\u00c9S INTEL\u00b7LIGENTS DEL M\u00d3N - VRP Electric","isPartOf":{"@id":"https:\/\/vrpelectric.com\/ca\/#website"},"primaryImageOfPage":{"@id":"https:\/\/vrpelectric.com\/ca\/les-ciutats-mes-intel%c2%b7ligents-del-mon\/#primaryimage"},"image":{"@id":"https:\/\/vrpelectric.com\/ca\/les-ciutats-mes-intel%c2%b7ligents-del-mon\/#primaryimage"},"thumbnailUrl":"https:\/\/vrpelectric.com\/wp-content\/uploads\/2023\/09\/amsterdam-4693608_1280.jpg","datePublished":"2023-10-02T10:45:07+00:00","dateModified":"2023-10-02T11:12:03+00:00","author":{"@id":"https:\/\/vrpelectric.com\/ca\/#\/schema\/person\/6e6a77a745512000574dc1698ff2fb51"},"breadcrumb":{"@id":"https:\/\/vrpelectric.com\/ca\/les-ciutats-mes-intel%c2%b7ligents-del-mon\/#breadcrumb"},"inLanguage":"ca","potentialAction":[{"@type":"ReadAction","target":["https:\/\/vrpelectric.com\/ca\/les-ciutats-mes-intel%c2%b7ligents-del-mon\/"]}]},{"@type":"ImageObject","inLanguage":"ca","@id":"https:\/\/vrpelectric.com\/ca\/les-ciutats-mes-intel%c2%b7ligents-del-mon\/#primaryimage","url":"https:\/\/vrpelectric.com\/wp-content\/uploads\/2023\/09\/amsterdam-4693608_1280.jpg","contentUrl":"https:\/\/vrpelectric.com\/wp-content\/uploads\/2023\/09\/amsterdam-4693608_1280.jpg","width":1280,"height":853,"caption":"Les ciutats m\u00e9s intel\u00b7ligents del m\u00f3n"},{"@type":"BreadcrumbList","@id":"https:\/\/vrpelectric.com\/ca\/les-ciutats-mes-intel%c2%b7ligents-del-mon\/#breadcrumb","itemListElement":[{"@type":"ListItem","position":1,"name":"Portada","item":"https:\/\/vrpelectric.com\/ca\/"},{"@type":"ListItem","position":2,"name":"LES CIUTATS M\u00c9S INTEL\u00b7LIGENTS DEL M\u00d3N"}]},{"@type":"WebSite","@id":"https:\/\/vrpelectric.com\/ca\/#website","url":"https:\/\/vrpelectric.com\/ca\/","name":"VRP Electric","description":"Tecnolog\u00eda El\u00e9ctrica","potentialAction":[{"@type":"SearchAction","target":{"@type":"EntryPoint","urlTemplate":"https:\/\/vrpelectric.com\/ca\/?s={search_term_string}"},"query-input":{"@type":"PropertyValueSpecification","valueRequired":true,"valueName":"search_term_string"}}],"inLanguage":"ca"},{"@type":"Person","@id":"https:\/\/vrpelectric.com\/ca\/#\/schema\/person\/6e6a77a745512000574dc1698ff2fb51","name":"admin","image":{"@type":"ImageObject","inLanguage":"ca","@id":"https:\/\/secure.gravatar.com\/avatar\/fa01e1c104d302dfc4a054191c7e09a2186a1961a8d183e53696b0cbf664931a?s=96&d=mm&r=g","url":"https:\/\/secure.gravatar.com\/avatar\/fa01e1c104d302dfc4a054191c7e09a2186a1961a8d183e53696b0cbf664931a?s=96&d=mm&r=g","contentUrl":"https:\/\/secure.gravatar.com\/avatar\/fa01e1c104d302dfc4a054191c7e09a2186a1961a8d183e53696b0cbf664931a?s=96&d=mm&r=g","caption":"admin"},"sameAs":["http:\/\/vrpelectric.com:8008"],"url":"https:\/\/vrpelectric.com\/ca\/author\/admin\/"}]}},"_links":{"self":[{"href":"https:\/\/vrpelectric.com\/ca\/wp-json\/wp\/v2\/posts\/5807","targetHints":{"allow":["GET"]}}],"collection":[{"href":"https:\/\/vrpelectric.com\/ca\/wp-json\/wp\/v2\/posts"}],"about":[{"href":"https:\/\/vrpelectric.com\/ca\/wp-json\/wp\/v2\/types\/post"}],"author":[{"embeddable":true,"href":"https:\/\/vrpelectric.com\/ca\/wp-json\/wp\/v2\/users\/1"}],"replies":[{"embeddable":true,"href":"https:\/\/vrpelectric.com\/ca\/wp-json\/wp\/v2\/comments?post=5807"}],"version-history":[{"count":6,"href":"https:\/\/vrpelectric.com\/ca\/wp-json\/wp\/v2\/posts\/5807\/revisions"}],"predecessor-version":[{"id":5815,"href":"https:\/\/vrpelectric.com\/ca\/wp-json\/wp\/v2\/posts\/5807\/revisions\/5815"}],"wp:featuredmedia":[{"embeddable":true,"href":"https:\/\/vrpelectric.com\/ca\/wp-json\/wp\/v2\/media\/5682"}],"wp:attachment":[{"href":"https:\/\/vrpelectric.com\/ca\/wp-json\/wp\/v2\/media?parent=5807"}],"wp:term":[{"taxonomy":"category","embeddable":true,"href":"https:\/\/vrpelectric.com\/ca\/wp-json\/wp\/v2\/categories?post=5807"},{"taxonomy":"post_tag","embeddable":true,"href":"https:\/\/vrpelectric.com\/ca\/wp-json\/wp\/v2\/tags?post=5807"}],"curies":[{"name":"wp","href":"https:\/\/api.w.org\/{rel}","templated":true}]}}