{"id":5761,"date":"2023-06-12T10:25:20","date_gmt":"2023-06-12T10:25:20","guid":{"rendered":"https:\/\/vrpelectric.com\/jornada-de-colaboradores-de-iberdrola\/"},"modified":"2023-09-29T08:36:43","modified_gmt":"2023-09-29T08:36:43","slug":"jornada-de-colaboradors-iberdrola","status":"publish","type":"post","link":"https:\/\/vrpelectric.com\/ca\/jornada-de-colaboradors-iberdrola\/","title":{"rendered":"VRP EN LA JORNADA DE COL\u00b7LABORADORS D&#8217;IBERDROLA"},"content":{"rendered":"\n<p><strong>VRP Electric<\/strong> va participar en la <strong>Jornada de Col\u00b7laboradors d&#8217;Iberdrola<\/strong> que va tindre lloc en la <strong>Fundaci\u00f3 Bancaixa de Val\u00e8ncia<\/strong>. Una trobada que va servir per a fer balan\u00e7 dels \u00faltims exercicis i on es van establir les bases d&#8217;actuaci\u00f3 per al 2023. Un any carregat de reptes en el qual, tal com va ressenyar <strong>Alfonso Calder\u00f3n, Director de Vendes d&#8217;Iberdrola Espa\u00f1a<\/strong>, \u00e9s imprescindible el comprom\u00eds de tots els col\u00b7laboradors de l&#8217;entitat.<\/p>\n\n\n\n<p>Calder\u00f3n, al costat d&#8217;altres companys com <strong>Joaqu\u00edn Longares, delegat comercial de vendes Iberdrola a la Comunitat Valenciana i M\u00farcia<\/strong>, van posar l&#8217;accent en els serveis d&#8217;atenci\u00f3 \u2018cara a cara\u2019 i personalitzada de manera paral\u00b7lela al desenvolupament de la digitalitzaci\u00f3 en els \u00faltims anys. A m\u00e9s, es va remarcar que es continuaran centrant esfor\u00e7os en el subministrament d&#8217;energia assequible i no contaminant. En aquest sentit es continuar\u00e0 promovent l&#8217;\u00fas energ\u00e8tic, eficient i responsable, es va afirmar en aquesta Jornada de Col\u00b7laboradors d&#8217;Iberdrola.<\/p>\n\n\n\n<p>La nostra empresa va estar representats per <strong>Vicent Ribera, gerent de l&#8217;empresa, i Ricardo Caso, Director Comercial Departament Iberdrola VRP<\/strong>, els qui fan un balan\u00e7 molt positiu de la trobada professional.<\/p>\n","protected":false},"excerpt":{"rendered":"<p>VRP Electric participa en la Jornada de Colaboradores de Iberdrola. Un encuentro que hizo balance del \u00faltimo ejercicio y se sent\u00f3 las bases del 2023. <\/p>\n","protected":false},"author":1,"featured_media":5444,"comment_status":"open","ping_status":"open","sticky":false,"template":"","format":"standard","meta":{"footnotes":""},"categories":[354],"tags":[366,367],"class_list":["post-5761","post","type-post","status-publish","format-standard","has-post-thumbnail","hentry","category-noticies","tag-colaboradors-iberdrola","tag-jornada-de-colaboradores-de-iberdrola-ca"],"yoast_head":"<!-- This site is optimized with the Yoast SEO plugin v27.4 - https:\/\/yoast.com\/product\/yoast-seo-wordpress\/ -->\n<title>VRP EN LA JORNADA DE COL\u00b7LABORADORS D&#039;IBERDROLA - VRP Electric<\/title>\n<meta name=\"description\" content=\"VRP Electric participa en la Jornada de Colaboradores de Iberdrola. Un encuentro que hizo balance del \u00faltimo ejercicio y se sent\u00f3 las bases del 2023.\" \/>\n<meta name=\"robots\" content=\"index, follow, max-snippet:-1, max-image-preview:large, max-video-preview:-1\" \/>\n<link rel=\"canonical\" href=\"https:\/\/vrpelectric.com\/ca\/jornada-de-colaboradors-iberdrola\/\" \/>\n<meta property=\"og:locale\" content=\"ca_ES\" \/>\n<meta property=\"og:type\" content=\"article\" \/>\n<meta property=\"og:title\" content=\"VRP EN LA JORNADA DE COL\u00b7LABORADORS D&#039;IBERDROLA - VRP Electric\" \/>\n<meta property=\"og:description\" content=\"VRP Electric participa en la Jornada de Colaboradores de Iberdrola. Un encuentro que hizo balance del \u00faltimo ejercicio y se sent\u00f3 las bases del 2023.\" \/>\n<meta property=\"og:url\" content=\"https:\/\/vrpelectric.com\/ca\/jornada-de-colaboradors-iberdrola\/\" \/>\n<meta property=\"og:site_name\" content=\"VRP Electric\" \/>\n<meta property=\"article:published_time\" content=\"2023-06-12T10:25:20+00:00\" \/>\n<meta property=\"article:modified_time\" content=\"2023-09-29T08:36:43+00:00\" \/>\n<meta property=\"og:image\" content=\"https:\/\/vrpelectric.com\/wp-content\/uploads\/2023\/06\/694d4fc1-9dda-45f4-b25c-46b04808e9a0.jpg\" \/>\n\t<meta property=\"og:image:width\" content=\"1024\" \/>\n\t<meta property=\"og:image:height\" content=\"768\" \/>\n\t<meta property=\"og:image:type\" content=\"image\/jpeg\" \/>\n<meta name=\"author\" content=\"admin\" \/>\n<meta name=\"twitter:card\" content=\"summary_large_image\" \/>\n<meta name=\"twitter:label1\" content=\"Escrit per\" \/>\n\t<meta name=\"twitter:data1\" content=\"admin\" \/>\n\t<meta name=\"twitter:label2\" content=\"Temps estimat de lectura\" \/>\n\t<meta name=\"twitter:data2\" content=\"1 minut\" \/>\n<script type=\"application\/ld+json\" class=\"yoast-schema-graph\">{\"@context\":\"https:\\\/\\\/schema.org\",\"@graph\":[{\"@type\":\"Article\",\"@id\":\"https:\\\/\\\/vrpelectric.com\\\/ca\\\/jornada-de-colaboradors-iberdrola\\\/#article\",\"isPartOf\":{\"@id\":\"https:\\\/\\\/vrpelectric.com\\\/ca\\\/jornada-de-colaboradors-iberdrola\\\/\"},\"author\":{\"name\":\"admin\",\"@id\":\"https:\\\/\\\/vrpelectric.com\\\/ca\\\/#\\\/schema\\\/person\\\/6e6a77a745512000574dc1698ff2fb51\"},\"headline\":\"VRP EN LA JORNADA DE COL\u00b7LABORADORS D&#8217;IBERDROLA\",\"datePublished\":\"2023-06-12T10:25:20+00:00\",\"dateModified\":\"2023-09-29T08:36:43+00:00\",\"mainEntityOfPage\":{\"@id\":\"https:\\\/\\\/vrpelectric.com\\\/ca\\\/jornada-de-colaboradors-iberdrola\\\/\"},\"wordCount\":217,\"commentCount\":0,\"image\":{\"@id\":\"https:\\\/\\\/vrpelectric.com\\\/ca\\\/jornada-de-colaboradors-iberdrola\\\/#primaryimage\"},\"thumbnailUrl\":\"https:\\\/\\\/vrpelectric.com\\\/wp-content\\\/uploads\\\/2023\\\/06\\\/694d4fc1-9dda-45f4-b25c-46b04808e9a0.jpg\",\"keywords\":[\"colaboradors d'Iberdrola\",\"jornada de colaboradores de iberdrola\"],\"articleSection\":[\"Not\u00edcies\"],\"inLanguage\":\"ca\"},{\"@type\":\"WebPage\",\"@id\":\"https:\\\/\\\/vrpelectric.com\\\/ca\\\/jornada-de-colaboradors-iberdrola\\\/\",\"url\":\"https:\\\/\\\/vrpelectric.com\\\/ca\\\/jornada-de-colaboradors-iberdrola\\\/\",\"name\":\"VRP EN LA JORNADA DE COL\u00b7LABORADORS D'IBERDROLA - VRP Electric\",\"isPartOf\":{\"@id\":\"https:\\\/\\\/vrpelectric.com\\\/ca\\\/#website\"},\"primaryImageOfPage\":{\"@id\":\"https:\\\/\\\/vrpelectric.com\\\/ca\\\/jornada-de-colaboradors-iberdrola\\\/#primaryimage\"},\"image\":{\"@id\":\"https:\\\/\\\/vrpelectric.com\\\/ca\\\/jornada-de-colaboradors-iberdrola\\\/#primaryimage\"},\"thumbnailUrl\":\"https:\\\/\\\/vrpelectric.com\\\/wp-content\\\/uploads\\\/2023\\\/06\\\/694d4fc1-9dda-45f4-b25c-46b04808e9a0.jpg\",\"datePublished\":\"2023-06-12T10:25:20+00:00\",\"dateModified\":\"2023-09-29T08:36:43+00:00\",\"author\":{\"@id\":\"https:\\\/\\\/vrpelectric.com\\\/ca\\\/#\\\/schema\\\/person\\\/6e6a77a745512000574dc1698ff2fb51\"},\"description\":\"VRP Electric participa en la Jornada de Colaboradores de Iberdrola. Un encuentro que hizo balance del \u00faltimo ejercicio y se sent\u00f3 las bases del 2023.\",\"breadcrumb\":{\"@id\":\"https:\\\/\\\/vrpelectric.com\\\/ca\\\/jornada-de-colaboradors-iberdrola\\\/#breadcrumb\"},\"inLanguage\":\"ca\",\"potentialAction\":[{\"@type\":\"ReadAction\",\"target\":[\"https:\\\/\\\/vrpelectric.com\\\/ca\\\/jornada-de-colaboradors-iberdrola\\\/\"]}]},{\"@type\":\"ImageObject\",\"inLanguage\":\"ca\",\"@id\":\"https:\\\/\\\/vrpelectric.com\\\/ca\\\/jornada-de-colaboradors-iberdrola\\\/#primaryimage\",\"url\":\"https:\\\/\\\/vrpelectric.com\\\/wp-content\\\/uploads\\\/2023\\\/06\\\/694d4fc1-9dda-45f4-b25c-46b04808e9a0.jpg\",\"contentUrl\":\"https:\\\/\\\/vrpelectric.com\\\/wp-content\\\/uploads\\\/2023\\\/06\\\/694d4fc1-9dda-45f4-b25c-46b04808e9a0.jpg\",\"width\":1024,\"height\":768,\"caption\":\"Vicent Ribera y Ricardo Caso junto a Joaqu\u00edn Longares, Delegado Comercial Ventas Iberdrola Comunidad Valenciana y Murcia\"},{\"@type\":\"BreadcrumbList\",\"@id\":\"https:\\\/\\\/vrpelectric.com\\\/ca\\\/jornada-de-colaboradors-iberdrola\\\/#breadcrumb\",\"itemListElement\":[{\"@type\":\"ListItem\",\"position\":1,\"name\":\"Portada\",\"item\":\"https:\\\/\\\/vrpelectric.com\\\/ca\\\/\"},{\"@type\":\"ListItem\",\"position\":2,\"name\":\"VRP EN LA JORNADA DE COL\u00b7LABORADORS D&#8217;IBERDROLA\"}]},{\"@type\":\"WebSite\",\"@id\":\"https:\\\/\\\/vrpelectric.com\\\/ca\\\/#website\",\"url\":\"https:\\\/\\\/vrpelectric.com\\\/ca\\\/\",\"name\":\"VRP Electric\",\"description\":\"Tecnolog\u00eda El\u00e9ctrica\",\"potentialAction\":[{\"@type\":\"SearchAction\",\"target\":{\"@type\":\"EntryPoint\",\"urlTemplate\":\"https:\\\/\\\/vrpelectric.com\\\/ca\\\/?s={search_term_string}\"},\"query-input\":{\"@type\":\"PropertyValueSpecification\",\"valueRequired\":true,\"valueName\":\"search_term_string\"}}],\"inLanguage\":\"ca\"},{\"@type\":\"Person\",\"@id\":\"https:\\\/\\\/vrpelectric.com\\\/ca\\\/#\\\/schema\\\/person\\\/6e6a77a745512000574dc1698ff2fb51\",\"name\":\"admin\",\"image\":{\"@type\":\"ImageObject\",\"inLanguage\":\"ca\",\"@id\":\"https:\\\/\\\/secure.gravatar.com\\\/avatar\\\/fa01e1c104d302dfc4a054191c7e09a2186a1961a8d183e53696b0cbf664931a?s=96&d=mm&r=g\",\"url\":\"https:\\\/\\\/secure.gravatar.com\\\/avatar\\\/fa01e1c104d302dfc4a054191c7e09a2186a1961a8d183e53696b0cbf664931a?s=96&d=mm&r=g\",\"contentUrl\":\"https:\\\/\\\/secure.gravatar.com\\\/avatar\\\/fa01e1c104d302dfc4a054191c7e09a2186a1961a8d183e53696b0cbf664931a?s=96&d=mm&r=g\",\"caption\":\"admin\"},\"sameAs\":[\"http:\\\/\\\/vrpelectric.com:8008\"],\"url\":\"https:\\\/\\\/vrpelectric.com\\\/ca\\\/author\\\/admin\\\/\"}]}<\/script>\n<!-- \/ Yoast SEO plugin. -->","yoast_head_json":{"title":"VRP EN LA JORNADA DE COL\u00b7LABORADORS D'IBERDROLA - VRP Electric","description":"VRP Electric participa en la Jornada de Colaboradores de Iberdrola. Un encuentro que hizo balance del \u00faltimo ejercicio y se sent\u00f3 las bases del 2023.","robots":{"index":"index","follow":"follow","max-snippet":"max-snippet:-1","max-image-preview":"max-image-preview:large","max-video-preview":"max-video-preview:-1"},"canonical":"https:\/\/vrpelectric.com\/ca\/jornada-de-colaboradors-iberdrola\/","og_locale":"ca_ES","og_type":"article","og_title":"VRP EN LA JORNADA DE COL\u00b7LABORADORS D'IBERDROLA - VRP Electric","og_description":"VRP Electric participa en la Jornada de Colaboradores de Iberdrola. Un encuentro que hizo balance del \u00faltimo ejercicio y se sent\u00f3 las bases del 2023.","og_url":"https:\/\/vrpelectric.com\/ca\/jornada-de-colaboradors-iberdrola\/","og_site_name":"VRP Electric","article_published_time":"2023-06-12T10:25:20+00:00","article_modified_time":"2023-09-29T08:36:43+00:00","og_image":[{"width":1024,"height":768,"url":"https:\/\/vrpelectric.com\/wp-content\/uploads\/2023\/06\/694d4fc1-9dda-45f4-b25c-46b04808e9a0.jpg","type":"image\/jpeg"}],"author":"admin","twitter_card":"summary_large_image","twitter_misc":{"Escrit per":"admin","Temps estimat de lectura":"1 minut"},"schema":{"@context":"https:\/\/schema.org","@graph":[{"@type":"Article","@id":"https:\/\/vrpelectric.com\/ca\/jornada-de-colaboradors-iberdrola\/#article","isPartOf":{"@id":"https:\/\/vrpelectric.com\/ca\/jornada-de-colaboradors-iberdrola\/"},"author":{"name":"admin","@id":"https:\/\/vrpelectric.com\/ca\/#\/schema\/person\/6e6a77a745512000574dc1698ff2fb51"},"headline":"VRP EN LA JORNADA DE COL\u00b7LABORADORS D&#8217;IBERDROLA","datePublished":"2023-06-12T10:25:20+00:00","dateModified":"2023-09-29T08:36:43+00:00","mainEntityOfPage":{"@id":"https:\/\/vrpelectric.com\/ca\/jornada-de-colaboradors-iberdrola\/"},"wordCount":217,"commentCount":0,"image":{"@id":"https:\/\/vrpelectric.com\/ca\/jornada-de-colaboradors-iberdrola\/#primaryimage"},"thumbnailUrl":"https:\/\/vrpelectric.com\/wp-content\/uploads\/2023\/06\/694d4fc1-9dda-45f4-b25c-46b04808e9a0.jpg","keywords":["colaboradors d'Iberdrola","jornada de colaboradores de iberdrola"],"articleSection":["Not\u00edcies"],"inLanguage":"ca"},{"@type":"WebPage","@id":"https:\/\/vrpelectric.com\/ca\/jornada-de-colaboradors-iberdrola\/","url":"https:\/\/vrpelectric.com\/ca\/jornada-de-colaboradors-iberdrola\/","name":"VRP EN LA JORNADA DE COL\u00b7LABORADORS D'IBERDROLA - VRP Electric","isPartOf":{"@id":"https:\/\/vrpelectric.com\/ca\/#website"},"primaryImageOfPage":{"@id":"https:\/\/vrpelectric.com\/ca\/jornada-de-colaboradors-iberdrola\/#primaryimage"},"image":{"@id":"https:\/\/vrpelectric.com\/ca\/jornada-de-colaboradors-iberdrola\/#primaryimage"},"thumbnailUrl":"https:\/\/vrpelectric.com\/wp-content\/uploads\/2023\/06\/694d4fc1-9dda-45f4-b25c-46b04808e9a0.jpg","datePublished":"2023-06-12T10:25:20+00:00","dateModified":"2023-09-29T08:36:43+00:00","author":{"@id":"https:\/\/vrpelectric.com\/ca\/#\/schema\/person\/6e6a77a745512000574dc1698ff2fb51"},"description":"VRP Electric participa en la Jornada de Colaboradores de Iberdrola. Un encuentro que hizo balance del \u00faltimo ejercicio y se sent\u00f3 las bases del 2023.","breadcrumb":{"@id":"https:\/\/vrpelectric.com\/ca\/jornada-de-colaboradors-iberdrola\/#breadcrumb"},"inLanguage":"ca","potentialAction":[{"@type":"ReadAction","target":["https:\/\/vrpelectric.com\/ca\/jornada-de-colaboradors-iberdrola\/"]}]},{"@type":"ImageObject","inLanguage":"ca","@id":"https:\/\/vrpelectric.com\/ca\/jornada-de-colaboradors-iberdrola\/#primaryimage","url":"https:\/\/vrpelectric.com\/wp-content\/uploads\/2023\/06\/694d4fc1-9dda-45f4-b25c-46b04808e9a0.jpg","contentUrl":"https:\/\/vrpelectric.com\/wp-content\/uploads\/2023\/06\/694d4fc1-9dda-45f4-b25c-46b04808e9a0.jpg","width":1024,"height":768,"caption":"Vicent Ribera y Ricardo Caso junto a Joaqu\u00edn Longares, Delegado Comercial Ventas Iberdrola Comunidad Valenciana y Murcia"},{"@type":"BreadcrumbList","@id":"https:\/\/vrpelectric.com\/ca\/jornada-de-colaboradors-iberdrola\/#breadcrumb","itemListElement":[{"@type":"ListItem","position":1,"name":"Portada","item":"https:\/\/vrpelectric.com\/ca\/"},{"@type":"ListItem","position":2,"name":"VRP EN LA JORNADA DE COL\u00b7LABORADORS D&#8217;IBERDROLA"}]},{"@type":"WebSite","@id":"https:\/\/vrpelectric.com\/ca\/#website","url":"https:\/\/vrpelectric.com\/ca\/","name":"VRP Electric","description":"Tecnolog\u00eda El\u00e9ctrica","potentialAction":[{"@type":"SearchAction","target":{"@type":"EntryPoint","urlTemplate":"https:\/\/vrpelectric.com\/ca\/?s={search_term_string}"},"query-input":{"@type":"PropertyValueSpecification","valueRequired":true,"valueName":"search_term_string"}}],"inLanguage":"ca"},{"@type":"Person","@id":"https:\/\/vrpelectric.com\/ca\/#\/schema\/person\/6e6a77a745512000574dc1698ff2fb51","name":"admin","image":{"@type":"ImageObject","inLanguage":"ca","@id":"https:\/\/secure.gravatar.com\/avatar\/fa01e1c104d302dfc4a054191c7e09a2186a1961a8d183e53696b0cbf664931a?s=96&d=mm&r=g","url":"https:\/\/secure.gravatar.com\/avatar\/fa01e1c104d302dfc4a054191c7e09a2186a1961a8d183e53696b0cbf664931a?s=96&d=mm&r=g","contentUrl":"https:\/\/secure.gravatar.com\/avatar\/fa01e1c104d302dfc4a054191c7e09a2186a1961a8d183e53696b0cbf664931a?s=96&d=mm&r=g","caption":"admin"},"sameAs":["http:\/\/vrpelectric.com:8008"],"url":"https:\/\/vrpelectric.com\/ca\/author\/admin\/"}]}},"_links":{"self":[{"href":"https:\/\/vrpelectric.com\/ca\/wp-json\/wp\/v2\/posts\/5761","targetHints":{"allow":["GET"]}}],"collection":[{"href":"https:\/\/vrpelectric.com\/ca\/wp-json\/wp\/v2\/posts"}],"about":[{"href":"https:\/\/vrpelectric.com\/ca\/wp-json\/wp\/v2\/types\/post"}],"author":[{"embeddable":true,"href":"https:\/\/vrpelectric.com\/ca\/wp-json\/wp\/v2\/users\/1"}],"replies":[{"embeddable":true,"href":"https:\/\/vrpelectric.com\/ca\/wp-json\/wp\/v2\/comments?post=5761"}],"version-history":[{"count":1,"href":"https:\/\/vrpelectric.com\/ca\/wp-json\/wp\/v2\/posts\/5761\/revisions"}],"predecessor-version":[{"id":5763,"href":"https:\/\/vrpelectric.com\/ca\/wp-json\/wp\/v2\/posts\/5761\/revisions\/5763"}],"wp:featuredmedia":[{"embeddable":true,"href":"https:\/\/vrpelectric.com\/ca\/wp-json\/wp\/v2\/media\/5444"}],"wp:attachment":[{"href":"https:\/\/vrpelectric.com\/ca\/wp-json\/wp\/v2\/media?parent=5761"}],"wp:term":[{"taxonomy":"category","embeddable":true,"href":"https:\/\/vrpelectric.com\/ca\/wp-json\/wp\/v2\/categories?post=5761"},{"taxonomy":"post_tag","embeddable":true,"href":"https:\/\/vrpelectric.com\/ca\/wp-json\/wp\/v2\/tags?post=5761"}],"curies":[{"name":"wp","href":"https:\/\/api.w.org\/{rel}","templated":true}]}}