{"id":5755,"date":"2023-02-01T11:22:28","date_gmt":"2023-02-01T11:22:28","guid":{"rendered":"https:\/\/vrpelectric.com\/vrp-primera-comunidad-solar-en-valencia\/"},"modified":"2023-09-29T06:35:16","modified_gmt":"2023-09-29T06:35:16","slug":"vrp-primera-comunidad-solar-en-valencia","status":"publish","type":"post","link":"https:\/\/vrpelectric.com\/ca\/vrp-primera-comunidad-solar-en-valencia\/","title":{"rendered":"PRIMERA COMUNITAT SOLAR A VAL\u00c8NCIA"},"content":{"rendered":"\n<p>Sempre hi ha motius pels quals estar orgullosos del treball que realitzem des de <strong>VRP Electric<\/strong>. Per\u00f2 en el cas d&#8217;aquest \u00faltim, que us detallem a continuaci\u00f3, ens alegrem m\u00e9s si cap. I no \u00e9s per a menys ja que hem instat, a trav\u00e9s d&#8217;<strong>Iberdrola<\/strong>, la <strong>primera comunitat solar a Val\u00e8ncia<\/strong>. La instal\u00b7laci\u00f3, situada en el <strong>Col\u00b7legi Sagrada Fam\u00edlia Patronat Joventuts Obreres en el barri de Benimaclet<\/strong>, permetr\u00e0 a 170 ve\u00efns beneficiar-se dels <strong>avan\u00e7os de l&#8217;autoconsum<\/strong> <strong>renovable<\/strong>. I, a m\u00e9s, sense necessitat de comptar amb una instal\u00b7laci\u00f3 pr\u00f2pia ni realitzar cap inversi\u00f3.<\/p>\n\n\n\n<figure class=\"wp-block-image size-large\"><img loading=\"lazy\" decoding=\"async\" width=\"512\" height=\"341\" src=\"https:\/\/vrpelectric.com\/wp-content\/uploads\/2023\/02\/578E69EA-319A-4751-932D-CC61331E24B5.jpeg\" alt=\"Primera Comunidad Solar en Valencia\" class=\"wp-image-4739\" srcset=\"https:\/\/vrpelectric.com\/wp-content\/uploads\/2023\/02\/578E69EA-319A-4751-932D-CC61331E24B5.jpeg 512w, https:\/\/vrpelectric.com\/wp-content\/uploads\/2023\/02\/578E69EA-319A-4751-932D-CC61331E24B5-300x200.jpeg 300w\" sizes=\"auto, (max-width: 512px) 100vw, 512px\" \/><\/figure>\n\n\n\n<p>Aquesta modalitat d&#8217;autoconsum permet als usuaris compartir l&#8217;energia <strong>100% renovable generada des d&#8217;una \u00fanica instal\u00b7laci\u00f3 fotovoltaica situada en un m\u00e0xim de dos quil\u00f2metres del seu domicili<\/strong>. En aquest cas, la planta s&#8217;ha instal\u00b7lat en la coberta del pavell\u00f3 esportiu del centre escolar i <strong>Iberdrola<\/strong> ha realitzat la inversi\u00f3.<\/p>\n\n\n\n<figure class=\"wp-block-image size-large\"><img loading=\"lazy\" decoding=\"async\" width=\"512\" height=\"341\" src=\"https:\/\/vrpelectric.com\/wp-content\/uploads\/2023\/02\/99689D60-AAAA-43D7-8233-7EAB05A894DC.jpeg\" alt=\"Primera Comunidad Solar en Valencia\" class=\"wp-image-4737\" srcset=\"https:\/\/vrpelectric.com\/wp-content\/uploads\/2023\/02\/99689D60-AAAA-43D7-8233-7EAB05A894DC.jpeg 512w, https:\/\/vrpelectric.com\/wp-content\/uploads\/2023\/02\/99689D60-AAAA-43D7-8233-7EAB05A894DC-300x200.jpeg 300w\" sizes=\"auto, (max-width: 512px) 100vw, 512px\" \/><\/figure>\n\n\n\n<p>Per part seua, el col\u00b7legi Sagrada Fam\u00edlia, pioner a realitzar una instal\u00b7laci\u00f3 d&#8217;aquestes caracter\u00edstiques a la ciutat, aconseguir\u00e0 cobrir fins a un 35% del seu consum el\u00e8ctric. La instal\u00b7laci\u00f3 compta amb 233 panells amb una pot\u00e8ncia total de 105 *quilovatios, suficient per a produir anualment 146 *MWh. Aquesta instal\u00b7laci\u00f3 evitar\u00e0 l&#8217;emissi\u00f3 de prop de 686 tones de CO\u2082 en la *atmosfera en els pr\u00f2xims 25 anys. <\/p>\n\n\n\n<p><strong>Estalvi econ\u00f2mic i ambiental<\/strong><\/p>\n\n\n\n<div class=\"wp-block-columns is-layout-flex wp-container-core-columns-is-layout-9d6595d7 wp-block-columns-is-layout-flex\">\n<div class=\"wp-block-column is-layout-flow wp-block-column-is-layout-flow\" style=\"flex-basis:100%\">\n<figure class=\"wp-block-image size-large\"><img loading=\"lazy\" decoding=\"async\" width=\"512\" height=\"341\" src=\"https:\/\/vrpelectric.com\/wp-content\/uploads\/2023\/02\/2C0A4F6B-DACE-42CA-9A74-EC6957F8FF4B.jpeg\" alt=\"Primera Comunidad Solar en Valencia\" class=\"wp-image-4740\" srcset=\"https:\/\/vrpelectric.com\/wp-content\/uploads\/2023\/02\/2C0A4F6B-DACE-42CA-9A74-EC6957F8FF4B.jpeg 512w, https:\/\/vrpelectric.com\/wp-content\/uploads\/2023\/02\/2C0A4F6B-DACE-42CA-9A74-EC6957F8FF4B-300x200.jpeg 300w\" sizes=\"auto, (max-width: 512px) 100vw, 512px\" \/><\/figure>\n<\/div>\n<\/div>\n\n\n\n<p>Aquesta primera Comunitat Solar a Val\u00e8ncia demostra l&#8217;aposta de l&#8217;el\u00e8ctrica per la <strong>innovaci\u00f3 en solucions energ\u00e8tiques<\/strong> i de sostenibilitat.<\/p>\n\n\n\n<p>Iberdrola s&#8217;ha consolidat com la companyia de refer\u00e8ncia amb un increment del 200% en la seua cartera d&#8217;autoconsum durant 2022. A trav\u00e9s de <strong>Smart Solar<\/strong>, Iberdrola disposa de serveis paa tota la tipologia de clients, des de consumidors fins a grans clients industrials.<\/p>\n","protected":false},"excerpt":{"rendered":"<p>VRP Electric ha ejecutado el proyecto de la primera Comunidad Solarnen Valencia. El lugar escogido, el Colegio Sagrada Familia en Benimaclet. <\/p>\n","protected":false},"author":1,"featured_media":5437,"comment_status":"open","ping_status":"open","sticky":false,"template":"","format":"standard","meta":{"footnotes":""},"categories":[354],"tags":[355,356,357,358,359,360,361,362,363,364,365],"class_list":["post-5755","post","type-post","status-publish","format-standard","has-post-thumbnail","hentry","category-noticies","tag-autoconsum","tag-autoconsum-renovable","tag-colegio-sagrada-familia-patronato-juventudes-obreras-ca","tag-comunitat-solar","tag-comunitats-solars","tag-comunitats-solars-iberdrola","tag-energia-100-renovable-ca","tag-iberdrola-ca","tag-primera-comunidad-solar-en-valencia-ca","tag-solucions-energetiques","tag-vrp-electric-ca"],"yoast_head":"<!-- This site is optimized with the Yoast SEO plugin v27.4 - https:\/\/yoast.com\/product\/yoast-seo-wordpress\/ -->\n<title>PRIMERA COMUNITAT SOLAR A VAL\u00c8NCIA - VRP Electric<\/title>\n<meta name=\"description\" content=\"VRP Electric ha ejecutado el proyecto de la primera Comunidad Solarnen Valencia. El lugar escogido, el Colegio Sagrada Familia en Benimaclet.\" \/>\n<meta name=\"robots\" content=\"index, follow, max-snippet:-1, max-image-preview:large, max-video-preview:-1\" \/>\n<link rel=\"canonical\" href=\"https:\/\/vrpelectric.com\/ca\/vrp-primera-comunidad-solar-en-valencia\/\" \/>\n<meta property=\"og:locale\" content=\"ca_ES\" \/>\n<meta property=\"og:type\" content=\"article\" \/>\n<meta property=\"og:title\" content=\"PRIMERA COMUNITAT SOLAR A VAL\u00c8NCIA - VRP Electric\" \/>\n<meta property=\"og:description\" content=\"VRP Electric ha ejecutado el proyecto de la primera Comunidad Solarnen Valencia. El lugar escogido, el Colegio Sagrada Familia en Benimaclet.\" \/>\n<meta property=\"og:url\" content=\"https:\/\/vrpelectric.com\/ca\/vrp-primera-comunidad-solar-en-valencia\/\" \/>\n<meta property=\"og:site_name\" content=\"VRP Electric\" \/>\n<meta property=\"article:published_time\" content=\"2023-02-01T11:22:28+00:00\" \/>\n<meta property=\"article:modified_time\" content=\"2023-09-29T06:35:16+00:00\" \/>\n<meta property=\"og:image\" content=\"https:\/\/vrpelectric.com\/wp-content\/uploads\/2023\/02\/0F63BFE3-523C-4E2A-BEC1-AE37D226658A.jpeg\" \/>\n\t<meta property=\"og:image:width\" content=\"1024\" \/>\n\t<meta property=\"og:image:height\" content=\"473\" \/>\n\t<meta property=\"og:image:type\" content=\"image\/jpeg\" \/>\n<meta name=\"author\" content=\"admin\" \/>\n<meta name=\"twitter:card\" content=\"summary_large_image\" \/>\n<meta name=\"twitter:label1\" content=\"Escrit per\" \/>\n\t<meta name=\"twitter:data1\" content=\"admin\" \/>\n\t<meta name=\"twitter:label2\" content=\"Temps estimat de lectura\" \/>\n\t<meta name=\"twitter:data2\" content=\"1 minut\" \/>\n<script type=\"application\/ld+json\" class=\"yoast-schema-graph\">{\"@context\":\"https:\\\/\\\/schema.org\",\"@graph\":[{\"@type\":\"Article\",\"@id\":\"https:\\\/\\\/vrpelectric.com\\\/ca\\\/vrp-primera-comunidad-solar-en-valencia\\\/#article\",\"isPartOf\":{\"@id\":\"https:\\\/\\\/vrpelectric.com\\\/ca\\\/vrp-primera-comunidad-solar-en-valencia\\\/\"},\"author\":{\"name\":\"admin\",\"@id\":\"https:\\\/\\\/vrpelectric.com\\\/ca\\\/#\\\/schema\\\/person\\\/6e6a77a745512000574dc1698ff2fb51\"},\"headline\":\"PRIMERA COMUNITAT SOLAR A VAL\u00c8NCIA\",\"datePublished\":\"2023-02-01T11:22:28+00:00\",\"dateModified\":\"2023-09-29T06:35:16+00:00\",\"mainEntityOfPage\":{\"@id\":\"https:\\\/\\\/vrpelectric.com\\\/ca\\\/vrp-primera-comunidad-solar-en-valencia\\\/\"},\"wordCount\":311,\"commentCount\":0,\"image\":{\"@id\":\"https:\\\/\\\/vrpelectric.com\\\/ca\\\/vrp-primera-comunidad-solar-en-valencia\\\/#primaryimage\"},\"thumbnailUrl\":\"https:\\\/\\\/vrpelectric.com\\\/wp-content\\\/uploads\\\/2023\\\/02\\\/0F63BFE3-523C-4E2A-BEC1-AE37D226658A.jpeg\",\"keywords\":[\"autoconsum\",\"autoconsumo renovable\",\"Colegio Sagrada Familia Patronato Juventudes Obreras\",\"comunitat solar\",\"comunitats solars\",\"comunitats solars d'Iberdrola\",\"energ\u00eda 100% renovable\",\"iberdrola\",\"primera comunidad solar en valencia\",\"solucions energ\u00e8tiques\",\"vrp electric\"],\"articleSection\":[\"Not\u00edcies\"],\"inLanguage\":\"ca\"},{\"@type\":\"WebPage\",\"@id\":\"https:\\\/\\\/vrpelectric.com\\\/ca\\\/vrp-primera-comunidad-solar-en-valencia\\\/\",\"url\":\"https:\\\/\\\/vrpelectric.com\\\/ca\\\/vrp-primera-comunidad-solar-en-valencia\\\/\",\"name\":\"PRIMERA COMUNITAT SOLAR A VAL\u00c8NCIA - VRP Electric\",\"isPartOf\":{\"@id\":\"https:\\\/\\\/vrpelectric.com\\\/ca\\\/#website\"},\"primaryImageOfPage\":{\"@id\":\"https:\\\/\\\/vrpelectric.com\\\/ca\\\/vrp-primera-comunidad-solar-en-valencia\\\/#primaryimage\"},\"image\":{\"@id\":\"https:\\\/\\\/vrpelectric.com\\\/ca\\\/vrp-primera-comunidad-solar-en-valencia\\\/#primaryimage\"},\"thumbnailUrl\":\"https:\\\/\\\/vrpelectric.com\\\/wp-content\\\/uploads\\\/2023\\\/02\\\/0F63BFE3-523C-4E2A-BEC1-AE37D226658A.jpeg\",\"datePublished\":\"2023-02-01T11:22:28+00:00\",\"dateModified\":\"2023-09-29T06:35:16+00:00\",\"author\":{\"@id\":\"https:\\\/\\\/vrpelectric.com\\\/ca\\\/#\\\/schema\\\/person\\\/6e6a77a745512000574dc1698ff2fb51\"},\"description\":\"VRP Electric ha ejecutado el proyecto de la primera Comunidad Solarnen Valencia. El lugar escogido, el Colegio Sagrada Familia en Benimaclet.\",\"breadcrumb\":{\"@id\":\"https:\\\/\\\/vrpelectric.com\\\/ca\\\/vrp-primera-comunidad-solar-en-valencia\\\/#breadcrumb\"},\"inLanguage\":\"ca\",\"potentialAction\":[{\"@type\":\"ReadAction\",\"target\":[\"https:\\\/\\\/vrpelectric.com\\\/ca\\\/vrp-primera-comunidad-solar-en-valencia\\\/\"]}]},{\"@type\":\"ImageObject\",\"inLanguage\":\"ca\",\"@id\":\"https:\\\/\\\/vrpelectric.com\\\/ca\\\/vrp-primera-comunidad-solar-en-valencia\\\/#primaryimage\",\"url\":\"https:\\\/\\\/vrpelectric.com\\\/wp-content\\\/uploads\\\/2023\\\/02\\\/0F63BFE3-523C-4E2A-BEC1-AE37D226658A.jpeg\",\"contentUrl\":\"https:\\\/\\\/vrpelectric.com\\\/wp-content\\\/uploads\\\/2023\\\/02\\\/0F63BFE3-523C-4E2A-BEC1-AE37D226658A.jpeg\",\"width\":1024,\"height\":473},{\"@type\":\"BreadcrumbList\",\"@id\":\"https:\\\/\\\/vrpelectric.com\\\/ca\\\/vrp-primera-comunidad-solar-en-valencia\\\/#breadcrumb\",\"itemListElement\":[{\"@type\":\"ListItem\",\"position\":1,\"name\":\"Portada\",\"item\":\"https:\\\/\\\/vrpelectric.com\\\/ca\\\/\"},{\"@type\":\"ListItem\",\"position\":2,\"name\":\"PRIMERA COMUNITAT SOLAR A VAL\u00c8NCIA\"}]},{\"@type\":\"WebSite\",\"@id\":\"https:\\\/\\\/vrpelectric.com\\\/ca\\\/#website\",\"url\":\"https:\\\/\\\/vrpelectric.com\\\/ca\\\/\",\"name\":\"VRP Electric\",\"description\":\"Tecnolog\u00eda El\u00e9ctrica\",\"potentialAction\":[{\"@type\":\"SearchAction\",\"target\":{\"@type\":\"EntryPoint\",\"urlTemplate\":\"https:\\\/\\\/vrpelectric.com\\\/ca\\\/?s={search_term_string}\"},\"query-input\":{\"@type\":\"PropertyValueSpecification\",\"valueRequired\":true,\"valueName\":\"search_term_string\"}}],\"inLanguage\":\"ca\"},{\"@type\":\"Person\",\"@id\":\"https:\\\/\\\/vrpelectric.com\\\/ca\\\/#\\\/schema\\\/person\\\/6e6a77a745512000574dc1698ff2fb51\",\"name\":\"admin\",\"image\":{\"@type\":\"ImageObject\",\"inLanguage\":\"ca\",\"@id\":\"https:\\\/\\\/secure.gravatar.com\\\/avatar\\\/fa01e1c104d302dfc4a054191c7e09a2186a1961a8d183e53696b0cbf664931a?s=96&d=mm&r=g\",\"url\":\"https:\\\/\\\/secure.gravatar.com\\\/avatar\\\/fa01e1c104d302dfc4a054191c7e09a2186a1961a8d183e53696b0cbf664931a?s=96&d=mm&r=g\",\"contentUrl\":\"https:\\\/\\\/secure.gravatar.com\\\/avatar\\\/fa01e1c104d302dfc4a054191c7e09a2186a1961a8d183e53696b0cbf664931a?s=96&d=mm&r=g\",\"caption\":\"admin\"},\"sameAs\":[\"http:\\\/\\\/vrpelectric.com:8008\"],\"url\":\"https:\\\/\\\/vrpelectric.com\\\/ca\\\/author\\\/admin\\\/\"}]}<\/script>\n<!-- \/ Yoast SEO plugin. -->","yoast_head_json":{"title":"PRIMERA COMUNITAT SOLAR A VAL\u00c8NCIA - VRP Electric","description":"VRP Electric ha ejecutado el proyecto de la primera Comunidad Solarnen Valencia. El lugar escogido, el Colegio Sagrada Familia en Benimaclet.","robots":{"index":"index","follow":"follow","max-snippet":"max-snippet:-1","max-image-preview":"max-image-preview:large","max-video-preview":"max-video-preview:-1"},"canonical":"https:\/\/vrpelectric.com\/ca\/vrp-primera-comunidad-solar-en-valencia\/","og_locale":"ca_ES","og_type":"article","og_title":"PRIMERA COMUNITAT SOLAR A VAL\u00c8NCIA - VRP Electric","og_description":"VRP Electric ha ejecutado el proyecto de la primera Comunidad Solarnen Valencia. El lugar escogido, el Colegio Sagrada Familia en Benimaclet.","og_url":"https:\/\/vrpelectric.com\/ca\/vrp-primera-comunidad-solar-en-valencia\/","og_site_name":"VRP Electric","article_published_time":"2023-02-01T11:22:28+00:00","article_modified_time":"2023-09-29T06:35:16+00:00","og_image":[{"width":1024,"height":473,"url":"https:\/\/vrpelectric.com\/wp-content\/uploads\/2023\/02\/0F63BFE3-523C-4E2A-BEC1-AE37D226658A.jpeg","type":"image\/jpeg"}],"author":"admin","twitter_card":"summary_large_image","twitter_misc":{"Escrit per":"admin","Temps estimat de lectura":"1 minut"},"schema":{"@context":"https:\/\/schema.org","@graph":[{"@type":"Article","@id":"https:\/\/vrpelectric.com\/ca\/vrp-primera-comunidad-solar-en-valencia\/#article","isPartOf":{"@id":"https:\/\/vrpelectric.com\/ca\/vrp-primera-comunidad-solar-en-valencia\/"},"author":{"name":"admin","@id":"https:\/\/vrpelectric.com\/ca\/#\/schema\/person\/6e6a77a745512000574dc1698ff2fb51"},"headline":"PRIMERA COMUNITAT SOLAR A VAL\u00c8NCIA","datePublished":"2023-02-01T11:22:28+00:00","dateModified":"2023-09-29T06:35:16+00:00","mainEntityOfPage":{"@id":"https:\/\/vrpelectric.com\/ca\/vrp-primera-comunidad-solar-en-valencia\/"},"wordCount":311,"commentCount":0,"image":{"@id":"https:\/\/vrpelectric.com\/ca\/vrp-primera-comunidad-solar-en-valencia\/#primaryimage"},"thumbnailUrl":"https:\/\/vrpelectric.com\/wp-content\/uploads\/2023\/02\/0F63BFE3-523C-4E2A-BEC1-AE37D226658A.jpeg","keywords":["autoconsum","autoconsumo renovable","Colegio Sagrada Familia Patronato Juventudes Obreras","comunitat solar","comunitats solars","comunitats solars d'Iberdrola","energ\u00eda 100% renovable","iberdrola","primera comunidad solar en valencia","solucions energ\u00e8tiques","vrp electric"],"articleSection":["Not\u00edcies"],"inLanguage":"ca"},{"@type":"WebPage","@id":"https:\/\/vrpelectric.com\/ca\/vrp-primera-comunidad-solar-en-valencia\/","url":"https:\/\/vrpelectric.com\/ca\/vrp-primera-comunidad-solar-en-valencia\/","name":"PRIMERA COMUNITAT SOLAR A VAL\u00c8NCIA - VRP Electric","isPartOf":{"@id":"https:\/\/vrpelectric.com\/ca\/#website"},"primaryImageOfPage":{"@id":"https:\/\/vrpelectric.com\/ca\/vrp-primera-comunidad-solar-en-valencia\/#primaryimage"},"image":{"@id":"https:\/\/vrpelectric.com\/ca\/vrp-primera-comunidad-solar-en-valencia\/#primaryimage"},"thumbnailUrl":"https:\/\/vrpelectric.com\/wp-content\/uploads\/2023\/02\/0F63BFE3-523C-4E2A-BEC1-AE37D226658A.jpeg","datePublished":"2023-02-01T11:22:28+00:00","dateModified":"2023-09-29T06:35:16+00:00","author":{"@id":"https:\/\/vrpelectric.com\/ca\/#\/schema\/person\/6e6a77a745512000574dc1698ff2fb51"},"description":"VRP Electric ha ejecutado el proyecto de la primera Comunidad Solarnen Valencia. El lugar escogido, el Colegio Sagrada Familia en Benimaclet.","breadcrumb":{"@id":"https:\/\/vrpelectric.com\/ca\/vrp-primera-comunidad-solar-en-valencia\/#breadcrumb"},"inLanguage":"ca","potentialAction":[{"@type":"ReadAction","target":["https:\/\/vrpelectric.com\/ca\/vrp-primera-comunidad-solar-en-valencia\/"]}]},{"@type":"ImageObject","inLanguage":"ca","@id":"https:\/\/vrpelectric.com\/ca\/vrp-primera-comunidad-solar-en-valencia\/#primaryimage","url":"https:\/\/vrpelectric.com\/wp-content\/uploads\/2023\/02\/0F63BFE3-523C-4E2A-BEC1-AE37D226658A.jpeg","contentUrl":"https:\/\/vrpelectric.com\/wp-content\/uploads\/2023\/02\/0F63BFE3-523C-4E2A-BEC1-AE37D226658A.jpeg","width":1024,"height":473},{"@type":"BreadcrumbList","@id":"https:\/\/vrpelectric.com\/ca\/vrp-primera-comunidad-solar-en-valencia\/#breadcrumb","itemListElement":[{"@type":"ListItem","position":1,"name":"Portada","item":"https:\/\/vrpelectric.com\/ca\/"},{"@type":"ListItem","position":2,"name":"PRIMERA COMUNITAT SOLAR A VAL\u00c8NCIA"}]},{"@type":"WebSite","@id":"https:\/\/vrpelectric.com\/ca\/#website","url":"https:\/\/vrpelectric.com\/ca\/","name":"VRP Electric","description":"Tecnolog\u00eda El\u00e9ctrica","potentialAction":[{"@type":"SearchAction","target":{"@type":"EntryPoint","urlTemplate":"https:\/\/vrpelectric.com\/ca\/?s={search_term_string}"},"query-input":{"@type":"PropertyValueSpecification","valueRequired":true,"valueName":"search_term_string"}}],"inLanguage":"ca"},{"@type":"Person","@id":"https:\/\/vrpelectric.com\/ca\/#\/schema\/person\/6e6a77a745512000574dc1698ff2fb51","name":"admin","image":{"@type":"ImageObject","inLanguage":"ca","@id":"https:\/\/secure.gravatar.com\/avatar\/fa01e1c104d302dfc4a054191c7e09a2186a1961a8d183e53696b0cbf664931a?s=96&d=mm&r=g","url":"https:\/\/secure.gravatar.com\/avatar\/fa01e1c104d302dfc4a054191c7e09a2186a1961a8d183e53696b0cbf664931a?s=96&d=mm&r=g","contentUrl":"https:\/\/secure.gravatar.com\/avatar\/fa01e1c104d302dfc4a054191c7e09a2186a1961a8d183e53696b0cbf664931a?s=96&d=mm&r=g","caption":"admin"},"sameAs":["http:\/\/vrpelectric.com:8008"],"url":"https:\/\/vrpelectric.com\/ca\/author\/admin\/"}]}},"_links":{"self":[{"href":"https:\/\/vrpelectric.com\/ca\/wp-json\/wp\/v2\/posts\/5755","targetHints":{"allow":["GET"]}}],"collection":[{"href":"https:\/\/vrpelectric.com\/ca\/wp-json\/wp\/v2\/posts"}],"about":[{"href":"https:\/\/vrpelectric.com\/ca\/wp-json\/wp\/v2\/types\/post"}],"author":[{"embeddable":true,"href":"https:\/\/vrpelectric.com\/ca\/wp-json\/wp\/v2\/users\/1"}],"replies":[{"embeddable":true,"href":"https:\/\/vrpelectric.com\/ca\/wp-json\/wp\/v2\/comments?post=5755"}],"version-history":[{"count":3,"href":"https:\/\/vrpelectric.com\/ca\/wp-json\/wp\/v2\/posts\/5755\/revisions"}],"predecessor-version":[{"id":5760,"href":"https:\/\/vrpelectric.com\/ca\/wp-json\/wp\/v2\/posts\/5755\/revisions\/5760"}],"wp:featuredmedia":[{"embeddable":true,"href":"https:\/\/vrpelectric.com\/ca\/wp-json\/wp\/v2\/media\/5437"}],"wp:attachment":[{"href":"https:\/\/vrpelectric.com\/ca\/wp-json\/wp\/v2\/media?parent=5755"}],"wp:term":[{"taxonomy":"category","embeddable":true,"href":"https:\/\/vrpelectric.com\/ca\/wp-json\/wp\/v2\/categories?post=5755"},{"taxonomy":"post_tag","embeddable":true,"href":"https:\/\/vrpelectric.com\/ca\/wp-json\/wp\/v2\/tags?post=5755"}],"curies":[{"name":"wp","href":"https:\/\/api.w.org\/{rel}","templated":true}]}}